{"id":157,"date":"2021-04-22T18:29:04","date_gmt":"2021-04-22T16:29:04","guid":{"rendered":"https:\/\/ucid.it\/centroferro2\/?p=157"},"modified":"2021-04-22T18:29:04","modified_gmt":"2021-04-22T16:29:04","slug":"chiesi-farmaceutici-tre-milioni-di-euro-per-lemergenza-coronavirus","status":"publish","type":"post","link":"https:\/\/ucid.it\/centroferro\/chiesi-farmaceutici-tre-milioni-di-euro-per-lemergenza-coronavirus\/","title":{"rendered":"Chiesi Farmaceutici: \u00abTre milioni di euro per l\u2019emergenza Coronavirus\u00bb"},"content":{"rendered":"<p>L&#8217;intervista di Fausta Chiesa a Maria Paola Chiesi, direttore Shared Value &amp; Sustainability della B Corp di Parma<br \/>\n<strong>Fonte\u00a0<a href=\"http:\/\/corriere.it\/\" data-toggle=\"tooltip\">corriere.it<\/a><\/strong><\/p>\n<p>Rientrata in Italia dal Bhutan alla fine di febbraio, appena in tempo poco prima che scoppiasse l\u2019emergenza Coronavirus, Maria Paola Chiesi si \u00e8 trovata impegnata su due fronti: quello aziendale, perch\u00e9 \u00e8 nel consiglio di amministrazione dell\u2019azienda farmaceutica di famiglia che ha sede a Parma, uno dei territori pi\u00f9 colpiti dall\u2019epidemia, e quello pi\u00f9 specifico della responsabilit\u00e0 sociale in qualit\u00e0 di direttore Shared Value &amp; Sustainability. Un impegno particolarmente importante visto che\u00a0<a href=\"https:\/\/associazionesibc.us19.list-manage.com\/track\/click?u=4f708aec996891cac1e7afbe3&amp;id=71b394743b&amp;e=1430ab35b6\">Chiesi Farmaceutici<\/a>\u00a0\u00e8 sia B Corp sia Societ\u00e0 Benefit.<\/p>\n<p><a href=\"https:\/\/associazionesibc.us19.list-manage.com\/track\/click?u=4f708aec996891cac1e7afbe3&amp;id=3c39c4bc1c&amp;e=1430ab35b6\" target=\"_blank\" rel=\"noopener\">Leggi tutto l&#8217;articolo<\/a><\/p>\n","protected":false},"excerpt":{"rendered":"<p>L&#8217;intervista di Fausta Chiesa a Maria Paola Chiesi, direttore Shared Value &amp; Sustainability della B Corp di Parma Fonte\u00a0corriere.it Rientrata in Italia dal Bhutan alla fine di febbraio, appena in tempo poco prima che scoppiasse l\u2019emergenza Coronavirus, Maria Paola Chiesi si \u00e8 trovata impegnata su due fronti: quello aziendale, perch\u00e9 \u00e8 nel consiglio di amministrazione&hellip;<\/p>\n","protected":false},"author":204,"featured_media":531,"comment_status":"closed","ping_status":"closed","sticky":false,"template":"","format":"standard","meta":[],"categories":[9],"tags":[],"class_list":["post-157","post","type-post","status-publish","format-standard","has-post-thumbnail","hentry","category-notizie","category-9","description-off"],"_links":{"self":[{"href":"https:\/\/ucid.it\/centroferro\/wp-json\/wp\/v2\/posts\/157","targetHints":{"allow":["GET"]}}],"collection":[{"href":"https:\/\/ucid.it\/centroferro\/wp-json\/wp\/v2\/posts"}],"about":[{"href":"https:\/\/ucid.it\/centroferro\/wp-json\/wp\/v2\/types\/post"}],"author":[{"embeddable":true,"href":"https:\/\/ucid.it\/centroferro\/wp-json\/wp\/v2\/users\/204"}],"replies":[{"embeddable":true,"href":"https:\/\/ucid.it\/centroferro\/wp-json\/wp\/v2\/comments?post=157"}],"version-history":[{"count":0,"href":"https:\/\/ucid.it\/centroferro\/wp-json\/wp\/v2\/posts\/157\/revisions"}],"wp:featuredmedia":[{"embeddable":true,"href":"https:\/\/ucid.it\/centroferro\/wp-json\/wp\/v2\/media\/531"}],"wp:attachment":[{"href":"https:\/\/ucid.it\/centroferro\/wp-json\/wp\/v2\/media?parent=157"}],"wp:term":[{"taxonomy":"category","embeddable":true,"href":"https:\/\/ucid.it\/centroferro\/wp-json\/wp\/v2\/categories?post=157"},{"taxonomy":"post_tag","embeddable":true,"href":"https:\/\/ucid.it\/centroferro\/wp-json\/wp\/v2\/tags?post=157"}],"curies":[{"name":"wp","href":"https:\/\/api.w.org\/{rel}","templated":true}]}}