{"id":1608,"date":"2017-03-27T09:34:24","date_gmt":"2017-03-27T07:34:24","guid":{"rendered":"http:\/\/ucid.it\/gruppolazio\/?p=1608"},"modified":"2017-03-27T09:34:24","modified_gmt":"2017-03-27T07:34:24","slug":"lettera-al-santo-padre","status":"publish","type":"post","link":"https:\/\/ucid.it\/gruppolazio\/2017\/03\/27\/lettera-al-santo-padre\/","title":{"rendered":"Lettera al Santo Padre"},"content":{"rendered":"<p><span style=\"font-family: Adobe Caslon Pro\">Cari amici,<\/span><\/p>\n<p><span style=\"font-family: Adobe Caslon Pro\">come certamente sapete, il Santo Padre nell&#8217;udienza di mercoled\u00ec 15 marzo u. s. ha pronunciato parole molto severe nei confronti di quegli operatori economici che senza alcuno scrupolo e con manovre poco trasparenti, se non addirittura oscure, creano disoccupazione e mancanza di lavoro.<\/span><\/p>\n<p><span style=\"font-family: Adobe Caslon Pro\">\u00a0\u00a0\u00a0 Su questo tema ho svolto alcune riflessioni che mi sono permesso, in qualit\u00e0 di Presidente del Gruppo UCID del Lazio e di Vicepresidente Nazionale, di inviare nei giorni scorsi a Papa Francesco.<\/span><\/p>\n<p><span style=\"font-family: Adobe Caslon Pro\">\u00a0\u00a0\u00a0 Nella speranza che possa essere utile a ciascuno di voi nell&#8217;attivit\u00e0 delle vostre realt\u00e0 associative quanto rappresentato in questo articolo che verr\u00e0 pubblicato sulla prestigiosa rivista &#8220;Credito Popolare&#8221; edita dall&#8217;Associazione Nazionale fra le banche Popolari, vi invio sia la lettera indirizzata al Santo Padre che il predetto articolo.<\/span><\/p>\n<p><span style=\"font-family: Adobe Caslon Pro\">\u00a0\u00a0\u00a0 Tanti cordiali saluti.<\/span><\/p>\n<p><span style=\"font-family: Adobe Caslon Pro\">\u00a0\u00a0\u00a0 \u00a0\u00a0\u00a0 \u00a0\u00a0\u00a0 \u00a0\u00a0\u00a0 \u00a0\u00a0\u00a0 \u00a0\u00a0\u00a0 \u00a0\u00a0\u00a0 \u00a0\u00a0\u00a0 \u00a0\u00a0\u00a0 \u00a0\u00a0\u00a0 \u00a0\u00a0\u00a0 \u00a0\u00a0\u00a0 \u00a0\u00a0\u00a0 \u00a0\u00a0\u00a0 \u00a0\u00a0<i><b>\u00a0 Riccardo Pedrizzi<\/b><\/i><\/span><\/p>\n<h3 style=\"text-align: center\"><a href=\"http:\/\/ucid.it\/gruppolazio\/wp-content\/uploads\/sites\/6\/2017\/03\/Lettera-al-Papa-16-03-2017.jpg\"><img loading=\"lazy\" decoding=\"async\" class=\"aligncenter size-medium wp-image-1609\" src=\"http:\/\/ucid.it\/gruppolazio\/wp-content\/uploads\/sites\/6\/2017\/03\/Lettera-al-Papa-16-03-2017-212x300.jpg\" alt=\"\" width=\"212\" height=\"300\" srcset=\"https:\/\/ucid.it\/gruppolazio\/wp-content\/uploads\/sites\/6\/2017\/03\/Lettera-al-Papa-16-03-2017-212x300.jpg 212w, https:\/\/ucid.it\/gruppolazio\/wp-content\/uploads\/sites\/6\/2017\/03\/Lettera-al-Papa-16-03-2017-768x1086.jpg 768w, https:\/\/ucid.it\/gruppolazio\/wp-content\/uploads\/sites\/6\/2017\/03\/Lettera-al-Papa-16-03-2017-724x1024.jpg 724w, https:\/\/ucid.it\/gruppolazio\/wp-content\/uploads\/sites\/6\/2017\/03\/Lettera-al-Papa-16-03-2017.jpg 1654w\" sizes=\"auto, (max-width: 212px) 100vw, 212px\" \/><\/a><\/h3>\n<h3 style=\"text-align: center\"><span style=\"color: #ff0000\"><strong><a style=\"color: #ff0000\" href=\"http:\/\/ucid.it\/gruppolazio\/wp-content\/uploads\/sites\/6\/2017\/03\/Lettera-al-Papa-16-03-2017.pdf\">premi qui per scaricare la Lettera al Papa 16-03-2017<\/a><\/strong><\/span><\/h3>\n<h3 style=\"text-align: center\"><span style=\"color: #ff0000\"><strong><a style=\"color: #ff0000\" href=\"http:\/\/ucid.it\/gruppolazio\/wp-content\/uploads\/sites\/6\/2017\/03\/La-logica-della-globalizzazione-ed-un-nuovo-modello-di-sviluppo-Riccardo-Pedrizzi.pdf\">premi qui per visionare e scaricare l&#8217;articolo: &#8220;La logica della globalizzazione ed un nuovo modello di sviluppo &#8211; Riccardo Pedrizzi&#8221;<\/a><\/strong><\/span><\/h3>\n<p>&nbsp;<\/p>\n<p><a href=\"http:\/\/ucid.it\/gruppolazio\/wp-content\/uploads\/sites\/6\/2016\/05\/UCID-Gruppo-Regionale-Lazio-con-miniatura-per-email.jpg\"><img loading=\"lazy\" decoding=\"async\" class=\"size-medium wp-image-1017 alignleft\" src=\"http:\/\/ucid.it\/gruppolazio\/wp-content\/uploads\/sites\/6\/2016\/05\/UCID-Gruppo-Regionale-Lazio-con-miniatura-per-email-300x70.jpg\" alt=\"\" width=\"300\" height=\"70\" srcset=\"https:\/\/ucid.it\/gruppolazio\/wp-content\/uploads\/sites\/6\/2016\/05\/UCID-Gruppo-Regionale-Lazio-con-miniatura-per-email-300x70.jpg 300w, https:\/\/ucid.it\/gruppolazio\/wp-content\/uploads\/sites\/6\/2016\/05\/UCID-Gruppo-Regionale-Lazio-con-miniatura-per-email.jpg 454w\" sizes=\"auto, (max-width: 300px) 100vw, 300px\" \/><\/a><\/p>\n","protected":false},"excerpt":{"rendered":"<p>Cari amici, come certamente sapete, il Santo Padre nell&#8217;udienza di mercoled\u00ec 15 marzo u. s. ha pronunciato parole molto severe nei confronti di quegli operatori economici che senza alcuno scrupolo e con manovre poco trasparenti, se non addirittura oscure, creano disoccupazione e mancanza di lavoro. \u00a0\u00a0\u00a0 Su questo tema ho svolto alcune riflessioni che mi [&hellip;]<\/p>\n","protected":false},"author":13,"featured_media":1609,"comment_status":"closed","ping_status":"closed","sticky":false,"template":"","format":"standard","meta":{"footnotes":""},"categories":[1],"tags":[],"class_list":["post-1608","post","type-post","status-publish","format-standard","has-post-thumbnail","hentry","category-stampa"],"_links":{"self":[{"href":"https:\/\/ucid.it\/gruppolazio\/wp-json\/wp\/v2\/posts\/1608","targetHints":{"allow":["GET"]}}],"collection":[{"href":"https:\/\/ucid.it\/gruppolazio\/wp-json\/wp\/v2\/posts"}],"about":[{"href":"https:\/\/ucid.it\/gruppolazio\/wp-json\/wp\/v2\/types\/post"}],"author":[{"embeddable":true,"href":"https:\/\/ucid.it\/gruppolazio\/wp-json\/wp\/v2\/users\/13"}],"replies":[{"embeddable":true,"href":"https:\/\/ucid.it\/gruppolazio\/wp-json\/wp\/v2\/comments?post=1608"}],"version-history":[{"count":0,"href":"https:\/\/ucid.it\/gruppolazio\/wp-json\/wp\/v2\/posts\/1608\/revisions"}],"wp:featuredmedia":[{"embeddable":true,"href":"https:\/\/ucid.it\/gruppolazio\/wp-json\/wp\/v2\/media\/1609"}],"wp:attachment":[{"href":"https:\/\/ucid.it\/gruppolazio\/wp-json\/wp\/v2\/media?parent=1608"}],"wp:term":[{"taxonomy":"category","embeddable":true,"href":"https:\/\/ucid.it\/gruppolazio\/wp-json\/wp\/v2\/categories?post=1608"},{"taxonomy":"post_tag","embeddable":true,"href":"https:\/\/ucid.it\/gruppolazio\/wp-json\/wp\/v2\/tags?post=1608"}],"curies":[{"name":"wp","href":"https:\/\/api.w.org\/{rel}","templated":true}]}}