{"id":2772,"date":"2019-05-31T16:48:43","date_gmt":"2019-05-31T14:48:43","guid":{"rendered":"http:\/\/ucid.it\/gruppolazio\/?p=2772"},"modified":"2019-05-31T16:48:43","modified_gmt":"2019-05-31T14:48:43","slug":"pedrizzi-ucid-la-chiesa-non-rinunci-alla-sua-opera-di-testimonianza-e-di-rappresentanza-di-tutto-il-mondo-cattolico","status":"publish","type":"post","link":"https:\/\/ucid.it\/gruppolazio\/2019\/05\/31\/pedrizzi-ucid-la-chiesa-non-rinunci-alla-sua-opera-di-testimonianza-e-di-rappresentanza-di-tutto-il-mondo-cattolico\/","title":{"rendered":"Pedrizzi (Ucid): \u201cLa Chiesa non rinunci alla sua opera di testimonianza  e di rappresentanza di tutto il mondo cattolico&#8221;"},"content":{"rendered":"<p align=\"JUSTIFY\">\u201cLa Chiesa ha il diritto dovere di pronunciare giudizi morali sulle questioni politiche, sociali, economiche e culturali, preoccupandosi per\u00f2 di non dare la sensazione di essere legata a un particolare modello di vita sociale, o ad un determinato sistema politico o ideologico di parte, proprio per conservare meglio la propria libert\u00e0 d\u2019azione nell\u2019opera di evangelizzazione ed evitare di creare inutili divisioni nel popolo di Dio\u201d. Lo dichiara Riccardo Pedrizzi, presidente nazionale del Comitato Tecnico Scientifico dell\u2019Ucid (Unione cristiana imprenditori, dirigenti e professionisti) in merito al dibattito in corso sul ruolo della Chiesa in politica e sulle polemiche originatesi in campagna elettorale.<\/p>\n<p align=\"JUSTIFY\">Secondo Pedrizzi, la Chiesa \u201cnon pu\u00f2 tralasciare il suo ruolo di rappresentanza di tutti i suoi fedeli in ogni ambito politico, di qualsiasi posizione esse siano. Diversamente si rischia di creare disorientamento nella comunit\u00e0 cristiana che chiede di essere rappresentata in tutte le sue sensibilit\u00e0 e di dialogare con tutti, a prescindere da chi stia al governo\u201d.<\/p>\n<p align=\"JUSTIFY\">Nel merito delle posizioni del Vaticano sulla questione dell\u2019immigrazione e dell\u2019inclusione sociale, secondo Pedrizzi, \u201cbene fa la Chiesa a ricordare che bisogna praticare nei fatti e nei comportamenti la carit\u00e0 cristiana e la solidariet\u00e0, garantendo un trattamento umano e civile agli immigrati la cui dignit\u00e0 di persona non deve mai e per nessuna ragione essere disconosciuta, ma \u00e8 necessario anche conciliare lo spirito di accoglienza con il realismo e la responsabilit\u00e0 di chi anche da cristiano \u00e8 chiamato a garantire il rispetto delle leggi, dell\u2019ordine pubblico, delle regole della civile convivenza, della salvaguardia della salute dei cittadini italiani e della vita degli stessi immigrati\u201d.<\/p>\n<p align=\"JUSTIFY\">Pedrizzi sottolinea infine come \u201csia fondamentale evitare che i convincimenti espressi da taluni esponenti ecclesiastici possano apparire come ispirati da posizioni ideologiche anzich\u00e9 dal messaggio evangelico e dal magistero della Chiesa. \u00c8 per questo necessario che ora la stessa fermezza utilizzata sul tema dell\u2019immigrazione sia esercitata allorquando partiti o esponenti politici promuovano provvedimenti o visioni in contrasto con la difesa della vita a partire dal suo concepimento, della famiglia naturale fondata sul matrimonio e della persona umana nella sua integralit\u00e0 secondo l\u2019insegnamento della dottrina sociale della Chiesa\u201d.<\/p>\n<p align=\"JUSTIFY\">\u201cE\u2019 in gioco, conclude Pedrizzi, il ruolo stesso della Chiesa come guida e fonte di ispirazione nelle scelte dei Cattolici italiani\u201d.<\/p>\n<p align=\"RIGHT\"><span style=\"font-family: Adobe Caslon Pro, serif\"><span style=\"font-size: medium\"><i><b>Riccardo Pedrizzi<\/b><\/i><\/span><\/span><\/p>\n<p align=\"RIGHT\"><span style=\"font-family: Adobe Caslon Pro, serif\"><span style=\"font-size: medium\"><i><b>Presidenza Nazionale C.T.S. Comitato Tecnico Scientifico dell\u2019Ucid<\/b><\/i><\/span><\/span><\/p>\n<pre class=\"western\"><strong><span style=\"color: #0000ff\"><span style=\"font-family: georgia, palatino\"><span style=\"font-size: xx-small\">Segreteria Nazionale C.T.S. <\/span><\/span><\/span><\/strong>\r\n<strong><span style=\"color: #0000ff\"><span style=\"font-family: georgia, palatino\"><span style=\"font-size: xx-small\">Comitato Tecnico Scientifico <\/span><\/span><\/span><\/strong>\r\n<span style=\"font-family: helvetica\"><span style=\"font-size: xx-small\"><span style=\"font-family: book antiqua, palatino\">Piazza Roma, 4 Sc\/ C - 04100  LATINA            Via delle Coppelle, 35 - 00186 ROMA<\/span>                             <\/span><\/span>\r\n<span style=\"font-size: xx-small\"><span style=\"font-family: book antiqua, palatino\">tel. 0773\/480553   fax: 0773\/412412<\/span>         <span style=\"font-family: book antiqua, palatino\">tel. 06\/86323058   fax: 06\/94804638 <\/span><\/span>\r\n<span style=\"font-family: book antiqua, palatino\"><span style=\"font-size: xx-small\">web: <a href=\"http:\/\/ucid.it\/gruppolazio\/\" target=\"_blank\" rel=\"noopener noreferrer\">http:\/\/ucid.it\/gruppolazio\/<\/a><\/span><\/span>       <span style=\"font-family: book antiqua, palatino\"><span style=\"font-size: xx-small\">web: <a href=\"http:\/\/ucid.it\/\" target=\"_blank\" rel=\"noopener noreferrer\">http:\/\/ucid.it\/<\/a><\/span><\/span>\r\n<span style=\"font-family: book antiqua, palatino\"><span style=\"font-size: xx-small\">em@il: <a href=\"mailto:info@riccardopedrizzi.it\">info@riccardopedrizzi.it<\/a><\/span><\/span>       <span style=\"font-family: book antiqua, palatino\"><span style=\"font-size: xx-small\">em@il: <\/span><\/span><a href=\"mailto:presidenza.nazionale@ucid.it\"><span style=\"font-family: book antiqua, palatino\"><span style=\"font-size: xx-small\"><u>presidenza.nazionale@ucid.it<\/u><\/span><\/span><\/a>  \r\n<a href=\"http:\/\/ucid.it\/gruppolazio\/wp-content\/uploads\/sites\/6\/2019\/05\/logo-ucid2.jpg\"><img loading=\"lazy\" decoding=\"async\" class=\"size-full wp-image-2773 alignleft\" src=\"http:\/\/ucid.it\/gruppolazio\/wp-content\/uploads\/sites\/6\/2019\/05\/logo-ucid2.jpg\" alt=\"\" width=\"179\" height=\"103\" \/><\/a>\r\n\r\n\r\n\r\n\r\n<\/pre>\n","protected":false},"excerpt":{"rendered":"<p>\u201cLa Chiesa ha il diritto dovere di pronunciare giudizi morali sulle questioni politiche, sociali, economiche e culturali, preoccupandosi per\u00f2 di non dare la sensazione di essere legata a un particolare modello di vita sociale, o ad un determinato sistema politico o ideologico di parte, proprio per conservare meglio la propria libert\u00e0 d\u2019azione nell\u2019opera di evangelizzazione [&hellip;]<\/p>\n","protected":false},"author":13,"featured_media":0,"comment_status":"closed","ping_status":"closed","sticky":false,"template":"","format":"standard","meta":{"footnotes":""},"categories":[1],"tags":[],"class_list":["post-2772","post","type-post","status-publish","format-standard","hentry","category-stampa"],"_links":{"self":[{"href":"https:\/\/ucid.it\/gruppolazio\/wp-json\/wp\/v2\/posts\/2772","targetHints":{"allow":["GET"]}}],"collection":[{"href":"https:\/\/ucid.it\/gruppolazio\/wp-json\/wp\/v2\/posts"}],"about":[{"href":"https:\/\/ucid.it\/gruppolazio\/wp-json\/wp\/v2\/types\/post"}],"author":[{"embeddable":true,"href":"https:\/\/ucid.it\/gruppolazio\/wp-json\/wp\/v2\/users\/13"}],"replies":[{"embeddable":true,"href":"https:\/\/ucid.it\/gruppolazio\/wp-json\/wp\/v2\/comments?post=2772"}],"version-history":[{"count":0,"href":"https:\/\/ucid.it\/gruppolazio\/wp-json\/wp\/v2\/posts\/2772\/revisions"}],"wp:attachment":[{"href":"https:\/\/ucid.it\/gruppolazio\/wp-json\/wp\/v2\/media?parent=2772"}],"wp:term":[{"taxonomy":"category","embeddable":true,"href":"https:\/\/ucid.it\/gruppolazio\/wp-json\/wp\/v2\/categories?post=2772"},{"taxonomy":"post_tag","embeddable":true,"href":"https:\/\/ucid.it\/gruppolazio\/wp-json\/wp\/v2\/tags?post=2772"}],"curies":[{"name":"wp","href":"https:\/\/api.w.org\/{rel}","templated":true}]}}