{"id":3086,"date":"2020-05-18T16:53:58","date_gmt":"2020-05-18T14:53:58","guid":{"rendered":"http:\/\/ucid.it\/gruppolazio\/?p=3086"},"modified":"2020-05-23T18:30:08","modified_gmt":"2020-05-23T16:30:08","slug":"un-papa-santo-con-la-spada-e-la-croce-riccardo-pedrizzi","status":"publish","type":"post","link":"https:\/\/ucid.it\/gruppolazio\/2020\/05\/18\/un-papa-santo-con-la-spada-e-la-croce-riccardo-pedrizzi\/","title":{"rendered":"Un Papa Santo con la spada e la croce &#8211; Riccardo Pedrizzi"},"content":{"rendered":"<p align=\"JUSTIFY\">Esattamente 100 anni fa il 18\/05\/1920 nasceva Karol Wojtyla a Wadowice in Polonia, che doveva morire poi il 02\/04\/2005 dopo una lunga e devastante malattia.<\/p>\n<p align=\"JUSTIFY\">La morte dovette lottare a lungo per portarsi via Giovanni Paolo II. Il Papa, diventato subito Santo, che brandiva il pastorale come un guerriero medioevale, che nei suoi ventisette anni di pontificato cambi\u00f2 il mondo, rivoluzionano\u2019 le coscienze, port\u00f2 il vangelo nei quattro angoli della terra, riafferm\u00f2 con forza i valori immutabili e i principi spirituali del cattolicesimo. Quando nel 1978 i fedeli sentirono per la prima volta la sua voce decisa, con quella particolare inflessione polacca, il panorama spirituale e geopolitico del mondo era molto diverso da quello attuale. L\u2019Europa dell\u2019est era oppressa dalla brutale tirannia del totalitarismo sovietico, l\u2019Occidente, che malgrado tutto restava un mondo libero, subiva la pesantissima offensiva culturale del marxismo e del materialismo pratico &#8211; come lo definiva Augusto De Noce il grande filosofo cattolico &#8211; che offuscava le coscienze di milioni di giovani in quei Paesi ai quali l\u2019orrore e la miseria del comunismo erano stati risparmiati. Giovanni Paolo Secondo quando si affacci\u00f2 dal balcone di San Pietro si trov\u00f2 di fronte una realt\u00e0 critica e difficilissima anche per la Chiesa cattolica. Ad Oriente ridotta al silenzio e alla clandestinit\u00e0 dalla persecuzione sovietica e comunista, ad Occidente insidiata dalla secolarizzazione e dal relativismo culturale soprattutto affetta da un pericoloso complesso di inferiorit\u00e0 nei confronti delle analisi marxiane. Nessuno in quel lontano 1978 avrebbe scommesso che questo sacerdote venuto dalla Polonia sarebbe stato il maggiore artefice di una rivoluzione che in un quarto di secolo sconvolse il mondo. Eppure gi\u00e0 nel discorso solenne d\u2019inaugurazione del suo pontificato, tenuto il 22 ottobre del 1978, Giovanni Paolo Secondo lasci\u00f2 intendere che un nuovo corso stava cominciando: \u201cNon abbiate paura, aprite anzi spalancate le vostre porte a Cristo. Alla sua salvatrice potest\u00e0 aprite i confini degli Stati, i sistemi economici come quelli politici, i vasti campi di cultura, di civilt\u00e0 di sviluppo\u201d.<\/p>\n<p align=\"JUSTIFY\">Il primo viaggio in Polonia, nel giugno del 1979, fu l\u2019inizio della rivoluzione non violenta che porter\u00e0 alla fine ingloriosa della menzogna sovietica, al crollo del muro di Berlino, alla liberazione dalla schiavit\u00f9 e dall\u2019oppressione di milioni di uomini e di milioni di cristiani.<\/p>\n<p style=\"text-align: center\" align=\"JUSTIFY\"><a href=\"http:\/\/ucid.it\/gruppolazio\/wp-content\/uploads\/sites\/6\/2020\/05\/foto_papa3.jpg\"><img loading=\"lazy\" decoding=\"async\" class=\"aligncenter wp-image-3093\" src=\"http:\/\/ucid.it\/gruppolazio\/wp-content\/uploads\/sites\/6\/2020\/05\/foto_papa3.jpg\" alt=\"\" width=\"500\" height=\"318\" \/><\/a><\/p>\n<p align=\"JUSTIFY\">La costernazione, la commozione, l\u2019amore che tutto il mondo, ma in particolare l\u2019est europeo dimostr\u00f2 verso il Santo padre durante tutta la sua agonia fu il segno di un riconoscimento profondo per quanto Giovanni Paolo Secondo aveva fatto per la Chiesa del silenzio. Un\u2019azione che non si ridusse alla sola ispirazione spirituale ma si estese all\u2019azione concreta. Nel 1981, di fronte agli allarmi per l\u2019imminente invasione sovietica della Polonia, il Papa scrisse una lettera durissima a Breznev, intimandogli di lasciare ai polacchi la libert\u00e0 di risolvere da soli i loro problemi. Nel 1982, dopo aver contribuito ad accendere il fuoco della rivoluzione nazionale, cristiana e anticomunista nel suo Paese, strinse un patto d\u2019acciaio con la presidenza Reagan in funzione antisovietica. Un alleanza che fu decisiva per la vittoria dell\u2019Occidente sull\u2019impero del male. Tanto che lo stesso Gorbaciov, incoraggiato dal Papa nel suo processo di perestroika in Russia, riconoscer\u00e0 a Giovanni Paolo Secondo di essere stato l\u2019artefice pi\u00f9 grande nel processo di distensione internazionale e \u2013 come ammise \u2013 della caduta del muro di Berlino.<\/p>\n<p style=\"text-align: center\" align=\"JUSTIFY\"><a href=\"http:\/\/ucid.it\/gruppolazio\/wp-content\/uploads\/sites\/6\/2020\/05\/1600x900_1589386867983_2020.05.13-Wojtyla.jpg\"><img loading=\"lazy\" decoding=\"async\" class=\"aligncenter wp-image-3087\" src=\"http:\/\/ucid.it\/gruppolazio\/wp-content\/uploads\/sites\/6\/2020\/05\/1600x900_1589386867983_2020.05.13-Wojtyla-300x169.jpg\" alt=\"\" width=\"550\" height=\"309\" srcset=\"https:\/\/ucid.it\/gruppolazio\/wp-content\/uploads\/sites\/6\/2020\/05\/1600x900_1589386867983_2020.05.13-Wojtyla-300x169.jpg 300w, https:\/\/ucid.it\/gruppolazio\/wp-content\/uploads\/sites\/6\/2020\/05\/1600x900_1589386867983_2020.05.13-Wojtyla-1024x576.jpg 1024w, https:\/\/ucid.it\/gruppolazio\/wp-content\/uploads\/sites\/6\/2020\/05\/1600x900_1589386867983_2020.05.13-Wojtyla-768x432.jpg 768w, https:\/\/ucid.it\/gruppolazio\/wp-content\/uploads\/sites\/6\/2020\/05\/1600x900_1589386867983_2020.05.13-Wojtyla-1536x864.jpg 1536w, https:\/\/ucid.it\/gruppolazio\/wp-content\/uploads\/sites\/6\/2020\/05\/1600x900_1589386867983_2020.05.13-Wojtyla.jpg 1600w\" sizes=\"auto, (max-width: 550px) 100vw, 550px\" \/><\/a><\/p>\n<p align=\"JUSTIFY\">Papa Woytila non si ferm\u00f2 e dopo aver inflitto un colpo decisivo al sistema politico comunista rivolse tutte le sue energie a combattere il veleno che stava gi\u00e0 allora uccidendo lentamente l\u2019Occidente: riafferm\u00f2 i valori della fede cattolica, fustig\u00f2 il relativismo e il materialismo, condann\u00f2 gli eccessi di un capitalismo selvaggio e del consumismo, invit\u00f2 l\u2019America ad andarci piano con la teoria della \u201cguerra preventiva\u201d e con l\u2019esportazione forzosa della democrazia, sottraendo con grande accortezza politica e sapienza la Chiesa cattolica allo schema ideologico dello scontro di civilt\u00e0 e salvando la funzione e la vocazione universale della Chiesa stessa.<\/p>\n<p align=\"JUSTIFY\">Non si pu\u00f2 dire per\u00f2 che Karol Woyitila non sia stato un Papa interventista. Il suo fu un pontificato dalla fortissima connotazione politica: il Papa rilanci\u00f2 con forza la dottrina sociale della Chiesa; nel mondo, dove la libert\u00e0 e la dignit\u00e0 umana era conculcata, in Cina come a Cuba, fece arrivare il suo chiaro messaggio di condanna. Il suo fu un pontificato anche all\u2019offensiva sul piano del conflitto culturale ed addirittura antropologico: nella \u201cRedemptor hominis\u201d, la sua prima enciclica programmatica, Giovanni Paolo Secondo riaffermava Cristo come \u201ccentro del cosmo e della storia\u201d con cui devono fare i conti tutte le forme e le espressioni della creativit\u00e0 umana. Nel 1992 vide la luce Il catechismo della chiesa Cattolica dove viene riaffermata la centralit\u00e0 della dottrina tradizionale della Chiesa, anche per superare le ambiguit\u00e0 interpretative seguite al Concilio.<\/p>\n<p align=\"JUSTIFY\">Se si rileggono i discorsi del Papa, le sue encicliche, e le sue interviste (ad esempio \u201cVarcare la soglia della speranza\u201d, di Vittorio Messori), si riesce a cogliere il percorso intellettuale e di fede di questo Pontefice, che ha sempre affermato la necessit\u00e0 di una coerente affermazione dell\u2019identit\u00e0 cattolica nella continuit\u00e0 evangelica, aperta al dialogo etico e morale non solo con le altre religioni, ma anche con la politica; identit\u00e0 che muove dalla consapevolezza che la missione propria della Chiesa \u00e8 sempre una missione storica, bench\u00e9 sia sempre ancorata alla trascendenza ed al divino.<\/p>\n<p align=\"JUSTIFY\">Prendendo in esame tutto l\u2019insegnamento di questo Papa, infatti, agevolmente si possono enucleare alcuni principi permanenti, ai quali ricorrentemente Egli faceva riferimento e sui quali fondava il suo pensiero sociale.<\/p>\n<p align=\"JUSTIFY\">Questi principi, che potrei definire assiologici, riguardano la persona, la sua dignit\u00e0 e i suoi diritti, il bene comune, la solidariet\u00e0, la sussidiariet\u00e0, la giustizia retributiva e distributiva, la concezione organica della vita e della societ\u00e0, la partecipazione, l\u2019uso sociale della propriet\u00e0 e la distribuzione universale dei beni, tanto per citare i pi\u00f9 importanti.<\/p>\n<p align=\"JUSTIFY\">Fatto a immagine e somiglianza di Dio, l\u2019uomo \u00e8 il cuore e l\u2019anima del discorso sociale della Chiesa. Da questa sua condizione di figlio di Dio e fratello di Ges\u00f9 Cristo derivano la sua dignit\u00e0 e i suoi diritti inalienabili ed insopprimibili, al servizio dei quali nel corso dei secoli si \u00e8 sempre posta la Chiesa \u201cnon nel conteso di un\u2019opposizione rivoluzionaria dei diritti della persona contro le autorit\u00e0 tradizionali, ma sullo sfondo del Diritto iscritto dal Creatore nella natura umana\u201d.<\/p>\n<p align=\"JUSTIFY\">I diritti umani, cio\u00e8, vengono fondati con la riflessione di Giovanni Paolo II nelle tre dimensioni della Verit\u00e0 cristiana: nell\u2019uomo creato ad immagine e somiglianza di Dio, nella dignit\u00e0 dell\u2019uomo in quanto tale e nell\u2019uomo inserito nel mistero di Cristo. Inoltre poich\u00e9 quest\u2019uomo per sua natura \u00e8 un essere sociale, che vive naturalmente in societ\u00e0 e con la societ\u00e0 \u00e8 interdipendente, avendo bisogno degli altri per comunicare e per realizzare un autentico sviluppo, oggetto dell\u2019insegnamento sociale del Papa \u00e8 anche la societ\u00e0 umana, non intesa in senso collettivistico e massificante, ma articolata in vari corpi, che vanno dalla famiglia alle nazioni.<\/p>\n<p align=\"JUSTIFY\">Per questo \u201cdal punto di vista cristiano le nazioni e le patrie sono una realt\u00e0 umana di valore positivo e irrinunciabile, che fonda dei diritti inviolabili in seno ai vari popoli, e in particolare il diritto dei popoli alla propria identit\u00e0 e al proprio sviluppo\u201d al servizio del quale la Chiesa si \u00e8 sempre posta, considerandolo elemento essenziale per il raggiungimento del bene comune.<\/p>\n<p align=\"JUSTIFY\">Ed \u00e8 al servizio del bene comune, che non \u00e8 altro che \u201cl\u2019insieme di quelle condizioni sociali che consentono e favoriscono negli esseri umani lo sviluppo integrale della loro persona\u201d, che dovrebbero porsi i pubblici poteri, i quali, dovrebbero promuovere e sviluppare gli altri due principi che regolano la vita sociale: quello della solidariet\u00e0 e quello della sussidiariet\u00e0.<\/p>\n<p align=\"JUSTIFY\">Il Magistero di Giovanni Paolo II, per\u00f2, nel corso della sua vita non si \u00e8 limitato solamente ad affermare e sostenere queste verit\u00e0, ma ha fornito sempre alla comunit\u00e0 cristiana criteri per giudicare le singole situazioni, le strutture sociali, i comportamenti umani, le istituzioni di modo che tutto il suo messaggio non fosse solamente teorico, ma anche pratico ed orientato all\u2019azione concreta.<br \/>\nE\u2019, dunque, un vero e proprio invito all\u2019azione sociale concreta quello che ha sempre rivolto il Papa a tutti i laici cattolici. Essi dovranno tenere conto che anche qui la prima norma da seguire \u00e8 la difesa e la salvaguardia della dignit\u00e0 della persona, dal concepimento fino alla morte naturale.<br \/>\nUn papa della tradizione, dunque, ma anche aperto al dialogo tra le religioni e capace ad usare i moderni mezzi della comunicazione di massa. Un uomo d\u2019azione ma anche di profonda speculazione dottrinaria e filosofica. Una figura eroica, anche nella sopportazione del dolore. Questo Papa ha superato un attentato, gravi malattie, avversit\u00e0, ha portato il fardello benedicendo e ringraziando, dimostrando come sia difficile vivere da cristiani. Ha parlato alle donne ed agli uomini, ai giovani ed agli anziani ed ai malati del mondo nella loro lingua e al loro cuore, ha sfidato pregiudizi, ha testimoniato lo scandalo della fede e la follia della croce. Adesso a distanza di quindici anni dalla sua morte si pu\u00f2 ben dire che quanto ha fatto Giovanni Paolo II ha qualcosa che non \u00e8 solo umano e di questa terra. Ed \u00e8 proprio per questo che \u00e8 diventato Santo Subito.<\/p>\n<p align=\"RIGHT\"><i><b>Riccardo Pedrizzi<\/b><\/i><\/p>\n<p style=\"text-align: center\" align=\"RIGHT\"><strong>RASSEGNA STAMPA ARTICOLO<\/strong><\/p>\n<p style=\"text-align: center\" align=\"RIGHT\"><a href=\"https:\/\/farefuturofondazione.it\/un-papa-santo-con-la-spada-e-la-croce\/?fbclid=IwAR3yIFwqYQAZSYrXgkyVFFyc1Hv50gIMc75rArqa3ja9V0XLCsrQvc2e3FQ\"><strong>Fare Futuro &#8211; Un Papa Santo con la spada e la croce<\/strong><\/a><\/p>\n<p style=\"text-align: center\" align=\"RIGHT\"><a href=\"https:\/\/www.consulpress.eu\/karol-wojtyla-18-maggio-mmxx-il-1-centenario-della-nascita\/\"><strong>Consul Press &#8211; Un Papa Santo con la spada e la croce<\/strong><\/a><\/p>\n<p style=\"text-align: center\" align=\"RIGHT\"><a href=\"https:\/\/formiche.net\/2020\/05\/wojtyla-papa-giovanni-paolo-secondo\/\" target=\"_blank\" rel=\"noopener noreferrer\"><strong>Formiche.net &#8211; L&#8217;insegnamento di Wojtila, il Papa &#8220;Santo subito&#8221;<\/strong><\/a><\/p>\n<p style=\"text-align: center\" align=\"RIGHT\"><a href=\"https:\/\/app.box.com\/s\/cyk00eb9murii1t653ewavvov2z7vn2o\" target=\"_blank\" rel=\"noopener noreferrer\"><strong>Il Tempo &#8211; Il Papa che fece la Storia<\/strong><\/a><\/p>\n<p style=\"text-align: center\" align=\"RIGHT\"><a href=\"https:\/\/app.box.com\/s\/mqo9nuj99qb1k5dxj3a0o8d0wd8jnlhf\" target=\"_blank\" rel=\"noopener noreferrer\"><strong>Settimanale di Padre Pio &#8211; Il<\/strong><strong> Papa<\/strong><strong> &#8220;Santo subiito&#8221;<\/strong><\/a><\/p>\n","protected":false},"excerpt":{"rendered":"<p>Esattamente 100 anni fa il 18\/05\/1920 nasceva Karol Wojtyla a Wadowice in Polonia, che doveva morire poi il 02\/04\/2005 dopo una lunga e devastante malattia. La morte dovette lottare a lungo per portarsi via Giovanni Paolo II. Il Papa, diventato subito Santo, che brandiva il pastorale come un guerriero medioevale, che nei suoi ventisette anni [&hellip;]<\/p>\n","protected":false},"author":13,"featured_media":3087,"comment_status":"closed","ping_status":"closed","sticky":false,"template":"","format":"standard","meta":{"footnotes":""},"categories":[1],"tags":[],"class_list":["post-3086","post","type-post","status-publish","format-standard","has-post-thumbnail","hentry","category-stampa"],"_links":{"self":[{"href":"https:\/\/ucid.it\/gruppolazio\/wp-json\/wp\/v2\/posts\/3086","targetHints":{"allow":["GET"]}}],"collection":[{"href":"https:\/\/ucid.it\/gruppolazio\/wp-json\/wp\/v2\/posts"}],"about":[{"href":"https:\/\/ucid.it\/gruppolazio\/wp-json\/wp\/v2\/types\/post"}],"author":[{"embeddable":true,"href":"https:\/\/ucid.it\/gruppolazio\/wp-json\/wp\/v2\/users\/13"}],"replies":[{"embeddable":true,"href":"https:\/\/ucid.it\/gruppolazio\/wp-json\/wp\/v2\/comments?post=3086"}],"version-history":[{"count":0,"href":"https:\/\/ucid.it\/gruppolazio\/wp-json\/wp\/v2\/posts\/3086\/revisions"}],"wp:featuredmedia":[{"embeddable":true,"href":"https:\/\/ucid.it\/gruppolazio\/wp-json\/wp\/v2\/media\/3087"}],"wp:attachment":[{"href":"https:\/\/ucid.it\/gruppolazio\/wp-json\/wp\/v2\/media?parent=3086"}],"wp:term":[{"taxonomy":"category","embeddable":true,"href":"https:\/\/ucid.it\/gruppolazio\/wp-json\/wp\/v2\/categories?post=3086"},{"taxonomy":"post_tag","embeddable":true,"href":"https:\/\/ucid.it\/gruppolazio\/wp-json\/wp\/v2\/tags?post=3086"}],"curies":[{"name":"wp","href":"https:\/\/api.w.org\/{rel}","templated":true}]}}