{"id":3100,"date":"2020-06-10T15:15:42","date_gmt":"2020-06-10T13:15:42","guid":{"rendered":"http:\/\/ucid.it\/gruppolazio\/?p=3100"},"modified":"2020-07-24T10:50:16","modified_gmt":"2020-07-24T08:50:16","slug":"comunicato-stampa-lucid-ripartire-da-tre-priorita-no-al-primato-della-tecnoscienza-piu-solidarieta-europea-centralita-delluomo-del-lavoro-e-della-produzione","status":"publish","type":"post","link":"https:\/\/ucid.it\/gruppolazio\/2020\/06\/10\/comunicato-stampa-lucid-ripartire-da-tre-priorita-no-al-primato-della-tecnoscienza-piu-solidarieta-europea-centralita-delluomo-del-lavoro-e-della-produzione\/","title":{"rendered":"Comunicato stampa &#8211; L\u2019Ucid: \u201cRipartire da tre priorit\u00e0: no al primato della tecnoscienza, pi\u00f9 solidariet\u00e0 europea, centralit\u00e0 dell&#8217;uomo, del lavoro e della produzione\u201d"},"content":{"rendered":"<p align=\"CENTER\"><em><strong><span style=\"font-size: small\"><u>Le tesi del Comitato Tecnico Scientifico dell\u2019Unione<\/u><\/span><u> <\/u><span style=\"font-size: small\"><u>Cristiana Imprenditori Dirigenti (Ucid) <\/u><\/span><\/strong><\/em><\/p>\n<p align=\"CENTER\"><em><strong><span style=\"font-size: small\"><u>su come rilanciare i settori sociali, politici ed economici dopo la crisi del coronavirus<\/u><\/span><\/strong><\/em><\/p>\n<p align=\"JUSTIFY\"><span style=\"font-size: small\">Il Cts dell\u2019Unione Cristiana Imprenditori Dirigenti, presieduto da Riccardo Pedrizzi, in una lettera aperta al premier Conte, in relazione all&#8217;annuncio di convocazione degli \u201cStati generali dell&#8217;economia\u201d e con l&#8217;auspicio di poter partecipare all&#8217;incontro con una propria rappresentanza, ha analizzato debolezze e possibilit\u00e0 di rilancio dei vari settori della vita pubblica, in un\u2019ottica solidaristica, cattolica e riformista, dopo la crisi del coronavirus.<\/span><\/p>\n<p align=\"JUSTIFY\"><span style=\"font-size: small\">Il riferimento di fondo delle tesi resta la dottrina sociale della Chiesa. Non casuale nel documento firmato dal CTS dell\u2019Ucid, \u00e8 la \u201cprofezia\u201d di Benedetto XVI contenuta nell\u2019Enciclicla \u201cCaritas in Veritate\u201d sul supporto fondamentale della Fede nel \u201criprogettare il cammino, a darci nuove regole e trovare nuove forme di impegno, per puntare sulle esperienze positive e a rigettare quelle negative\u201d.<\/span><\/p>\n<p align=\"JUSTIFY\">\u201c<span style=\"font-size: small\">La crisi diventa cos\u00ec occasione di discernimento e di nuova progettualit\u00e0. In questa chiave, fiduciosa piuttosto che rassegnata, conviene affrontare le difficolt\u00e0 del momento presente\u201d, \u00e8 il richiamo che l\u2019organismo presieduto da Pedrizzi fa all\u2019attuale necessit\u00e0 di rimboccarsi le maniche.<\/span><\/p>\n<p align=\"JUSTIFY\"><span style=\"font-size: small\">Con nuove consapevolezze, per\u00f2, come quella della non onnipotenza della tecnocrazia e della tecnoscienza, sulla necessit\u00e0 di bloccare la loro supremazia sulla vita e sulla coscienza dell&#8217;uomo, come ci ha svelato, con la crisi della pandemia da coronavirus, che ha evidenziato tutti limiti sociali, politici, economici e sociali di un approccio esclusivamente \u201cscientista\u201d ai problemi del mondo\u201d.<\/span><\/p>\n<p align=\"JUSTIFY\"><span style=\"font-size: small\">C\u2019\u00e8 poi il tema politico dell\u2019Europa, dei limiti che ha mostrato, nella forma e nella sostanza. Anche qui l\u2019Ucid richiama le parole rivolte da Papa Francesco all\u2019Europa, che pesano, che rendono, senza mezzi termini e senza possibili equivoci, con grande chiarezza e anche con una forte determinazione la dimensione della posta in gioco: \u201cL\u2019Unione Europea ha davanti a s\u00e9 una sfida epocale, dalla quale dipender\u00e0 non solo il suo futuro, ma quello del mondo intero\u201d. <\/span><\/p>\n<p align=\"JUSTIFY\"><span style=\"font-size: small\">Infine, l\u2019economia. La strada che indicano gli imprenditori cattolici \u00e8 quella di lavorare per un \u201cmercato libero perch\u00e9 praticato in regime di concorrenza, ma vincolato nella qualit\u00e0 delle prestazioni e garantito nell&#8217;accessibilit\u00e0 ai servizi\u201d. Un mercato in cui la concorrenza \u00e8 leale e reale e l\u2019apparato delle Pmi italiane sia messo in condizione di competere con l\u2019estero, contro il dumping mondiale e per arginare il gap tra le diverse condizioni burocratiche e fiscali di altri Paesi. Nel segno del made in Italy ma anche dell\u2019etica del lavoro e della valorizzazione dell\u2019uomo, del lavoro e della produzione.<\/span><\/p>\n<p style=\"text-align: center\" align=\"JUSTIFY\"><a href=\"https:\/\/app.box.com\/s\/9qp7v6itjf7xmknihpniax4jzvn5npym\" target=\"_blank\" rel=\"noopener noreferrer\">CLICCA QUI PER SCARICARE IL DOCUMENTO INTEGRALE DELL\u2019UCID SULLA \u201cRIPARTENZA\u201d<\/a><\/p>\n<p style=\"text-align: center\" align=\"JUSTIFY\">RASSEGNA STAMPA<\/p>\n<p style=\"text-align: center\" align=\"JUSTIFY\"><a href=\"https:\/\/www.secoloditalia.it\/2020\/06\/stop-allo-strapotere-della-tecno-scienza-ripartire-servono-altri-approcci-lucid-scrive-a-conte\/\">Secolo d&#8217;Italia &#8211; Stop allo strapotere della tecno-scienza, ripartire? Servono altri approcci: l\u2019Ucid scrive a Conte<\/a><\/p>\n<p style=\"text-align: center\"><a href=\"https:\/\/www.consulpress.eu\/ucid-riaffermare-le-tre-priorita-vitali-secondo-l-enciclica-di-benedetto-xvi\/\" target=\"_blank\" rel=\"noopener noreferrer\">Consull Press &#8211; UCID: riaffermare &#8220;Tre Priorit\u00e0 Vitali&#8221; secondo l&#8217;Enciclica di Benedetto XVI<\/a><\/p>\n<p style=\"text-align: center\"><a href=\"https:\/\/www.vaticannews.va\/it\/mondo\/news\/2020-06\/stati-generali-economia-lettera-ucid-premier-conte.html\" target=\"_blank\" rel=\"noopener noreferrer\">Vaticannews &#8211; Stati generali dell&#8217;economia, l&#8217;UCID: necessaria una maggiore solidariet\u00e0 europea<\/a><\/p>\n<p style=\"text-align: center\"><a href=\"https:\/\/www.vanthuanobservatory.org\/ita\/le-tesi-del-comitato-tecnico-scientifico-dellunione-cristiana-imprenditori-dirigenti-ucid-su-come-rilanciare-i-settori-sociali-politici-ed-economici-dopo-la-crisi-del-coronavirus\/\">Vanthuan Observatory &#8211; Unione Cristiana Imprenditori Dirigenti (UCID). Come rilanciare i settori sociali, politici ed economici dopo la crisi del coronavirus<\/a><\/p>\n<p>&nbsp;<\/p>\n","protected":false},"excerpt":{"rendered":"<p>Le tesi del Comitato Tecnico Scientifico dell\u2019Unione Cristiana Imprenditori Dirigenti (Ucid) su come rilanciare i settori sociali, politici ed economici dopo la crisi del coronavirus Il Cts dell\u2019Unione Cristiana Imprenditori Dirigenti, presieduto da Riccardo Pedrizzi, in una lettera aperta al premier Conte, in relazione all&#8217;annuncio di convocazione degli \u201cStati generali dell&#8217;economia\u201d e con l&#8217;auspicio di [&hellip;]<\/p>\n","protected":false},"author":13,"featured_media":0,"comment_status":"closed","ping_status":"closed","sticky":false,"template":"","format":"standard","meta":{"footnotes":""},"categories":[1],"tags":[],"class_list":["post-3100","post","type-post","status-publish","format-standard","hentry","category-stampa"],"_links":{"self":[{"href":"https:\/\/ucid.it\/gruppolazio\/wp-json\/wp\/v2\/posts\/3100","targetHints":{"allow":["GET"]}}],"collection":[{"href":"https:\/\/ucid.it\/gruppolazio\/wp-json\/wp\/v2\/posts"}],"about":[{"href":"https:\/\/ucid.it\/gruppolazio\/wp-json\/wp\/v2\/types\/post"}],"author":[{"embeddable":true,"href":"https:\/\/ucid.it\/gruppolazio\/wp-json\/wp\/v2\/users\/13"}],"replies":[{"embeddable":true,"href":"https:\/\/ucid.it\/gruppolazio\/wp-json\/wp\/v2\/comments?post=3100"}],"version-history":[{"count":0,"href":"https:\/\/ucid.it\/gruppolazio\/wp-json\/wp\/v2\/posts\/3100\/revisions"}],"wp:attachment":[{"href":"https:\/\/ucid.it\/gruppolazio\/wp-json\/wp\/v2\/media?parent=3100"}],"wp:term":[{"taxonomy":"category","embeddable":true,"href":"https:\/\/ucid.it\/gruppolazio\/wp-json\/wp\/v2\/categories?post=3100"},{"taxonomy":"post_tag","embeddable":true,"href":"https:\/\/ucid.it\/gruppolazio\/wp-json\/wp\/v2\/tags?post=3100"}],"curies":[{"name":"wp","href":"https:\/\/api.w.org\/{rel}","templated":true}]}}