{"id":3119,"date":"2020-10-20T11:50:38","date_gmt":"2020-10-20T09:50:38","guid":{"rendered":"http:\/\/ucid.it\/gruppolazio\/?p=3119"},"modified":"2020-10-20T11:50:38","modified_gmt":"2020-10-20T09:50:38","slug":"il-neopresidente-di-unindustria-lazio-angelo-camilli-scrive-allucid-lavoriamo-insieme-per-rilanciare-leconomia-della-regione-pedrizzi-sintonia-su-prior","status":"publish","type":"post","link":"https:\/\/ucid.it\/gruppolazio\/2020\/10\/20\/il-neopresidente-di-unindustria-lazio-angelo-camilli-scrive-allucid-lavoriamo-insieme-per-rilanciare-leconomia-della-regione-pedrizzi-sintonia-su-prior\/","title":{"rendered":"Il neopresidente di Unindustria Lazio, Angelo Camilli, scrive all\u2019Ucid: \u201cLavoriamo insieme per rilanciare l\u2019economia della regione\u201d Pedrizzi: \u201cSintonia su priorit\u00e0 infrastrutturali ed economiche\u201d"},"content":{"rendered":"<p style=\"text-align: center\"><strong>Comunicato stampa 8 Ottobre 2020<\/strong><\/p>\n<p>Il neopresidente di Unindustria Lazio, Angelo Camilli eletto dall&#8217;assemblea degli industriali laziali, dopo la designazione dello scorso luglio, ha ringraziato il presidente dell\u2019Ucid Lazio, Riccardo Pedrizzi, per gli auguri e l\u2019offerta di collaborazione arrivatagli dall\u2019Unione Cristiana Imprenditori e Dirigenti.<\/p>\n<p>\u201cCaro Presidente Pedrizzi, La ringrazio per il messaggio di congratulazioni per la mia elezione. Ci aspettano mesi difficili, ma con la mia Squadra e tutta la struttura di Unindustria saremo in prima linea nelle sfide che attendono la nostra Capitale e la nostra Regione. Sono certo che, insieme, riusciremo a dare il meglio per rilanciare la nostra economia, nell\u2019interesse dei cittadini e delle nostre imprese\u201d, ha scritto Camilli.<\/p>\n<p>Il presidente dell\u2019Ucid Lazio, Riccardo Pedrizzi, sottolinea \u201cla piena sintonia sulla necessit\u00e0 di puntare sui fondi del fondo Fesr (6 miliardi) e quelli che dovrebbero arrivare (3 mld) del Mes e del Recovery Found, ma anche su altre opere infastrutturali prioritarie: in primis l&#8217;Autostrada Roma-Latina ed il collegamento Orte-Civitavecchia; sul fronte del turismo e dell\u2019economia del mare col rilancio dei porti di Gaeta, Civitavecchia e Fiumicino ed, ancora, sui settori dell&#8217;aereospazio e del farmaceutico che dovrebbero essere dei veri e propri distretti industriali\u201d.<\/p>\n<p>Nella sua missiva immediatamente successiva alla designazione di Camilli, Pedrizzi aveva rivolto l\u2019auspicio che con la nuova presidenza \u201cla pi\u00f9 grande organizzazione degli imprenditori italiani sapr\u00e0 rappresentare, esaltando il rispettivo ruolo, le grandi, le piccole e le medie imprese della nostra regione.<\/p>\n<p>\u201cL\u2019Ucid, l&#8217;associazione che riunisce gli imprenditori e i dirigenti cattolici, intende perseguire l&#8217;obiettivo di allacciare e stringere solidi e costruttivi rapporti con le associazioni imprenditoriali di categoria maggiormente rappresentative sul nostro territorio. Il contributo che ritengo possa offrire l&#8217;Ucid all&#8217;attivit\u00e0 dell&#8217;associazione da Lei presieduta, che in termini di credibilit\u00e0 e di capacit\u00e0 di incidere sulle scelte del territorio \u00e8 da sempre un riferimento per il mondo produttivo laziale, \u00e8 strettamente legato alla nostra visione etica dell&#8217;economia e dello sviluppo. Oggi \u2013 aveva proseguito Pedrizzi nella sua missiva a Camilli &#8211; alla luce della crisi, che ci ha investito, la riscoperta dell\u2019etica nella finanza e di una finanza etica rappresenta una proposta attuale.<\/p>\n<p>\u201cMai come oggi c&#8217;\u00e8 la necessit\u00e0 di creare un circuito virtuoso per un progetto di sviluppo che si sposi con un&#8217;economia fondata su solide basi industriali, eticamente sostenibile, che generi benessere vero, costruita intorno alle persone e che viva di produzione reale. Alla luce di queste considerazioni, su cui spero di potermi confrontare al pi\u00f9 presto personalmente con Lei, mi auguro che l&#8217;Ucid \u2013 aveva concluso il senatore Pedrizzi, presidente del gruppo Lazio &#8211; possa continuare ed incrementare con la sua associazione un rapporto di reciproca e fruttuosa collaborazione\u201d.<\/p>\n<p style=\"text-align: right\"><em><strong>La Segreteria<\/strong><\/em><\/p>\n<p>&nbsp;<\/p>\n<p style=\"text-align: center\"><strong><u>RASSEGNA STAMPA<\/u><\/strong><\/p>\n<p style=\"text-align: center\"><a href=\"https:\/\/app.box.com\/s\/wwtj7jqo4xmsfj0rc8swcaasx4wgljzu\"><strong><em>Latina Oggi &#8211; Infrastrutture e imprese &#8211; Asse Unindustria &#8211; UCID<\/em><\/strong><\/a><\/p>\n<p style=\"text-align: center\"><a href=\"https:\/\/www.consulpress.eu\/unindustria-e-ucid-insieme-per-rilanciare-leconomia-del-lazio\/\"><strong><em>Consul Press &#8211; Unindustria e UCID: insieme per rilanciare l&#8217;economia del Lazio<\/em><\/strong><\/a><\/p>\n<p style=\"text-align: center\"><a href=\"https:\/\/app.box.com\/s\/wolgw14mn1aa66j3c6p2hggv83wufszc\"><strong><em>Osservatore\u00a0Politico Internazionale &#8211; Il neopresidente di Unindustria Lazio, Angelo Camilli, scrive all&#8217;UCID: &#8220;lavoriamo insieme per rilanciare l&#8217;economia della Regione&#8221;. Pedrizzi: &#8220;sintonia su priorit\u00e0 infrastrutturali ed economiche&#8221;<\/em><\/strong><\/a><\/p>\n","protected":false},"excerpt":{"rendered":"<p>Comunicato stampa 8 Ottobre 2020 Il neopresidente di Unindustria Lazio, Angelo Camilli eletto dall&#8217;assemblea degli industriali laziali, dopo la designazione dello scorso luglio, ha ringraziato il presidente dell\u2019Ucid Lazio, Riccardo Pedrizzi, per gli auguri e l\u2019offerta di collaborazione arrivatagli dall\u2019Unione Cristiana Imprenditori e Dirigenti. \u201cCaro Presidente Pedrizzi, La ringrazio per il messaggio di congratulazioni per [&hellip;]<\/p>\n","protected":false},"author":13,"featured_media":3120,"comment_status":"closed","ping_status":"closed","sticky":false,"template":"","format":"standard","meta":{"footnotes":""},"categories":[1],"tags":[],"class_list":["post-3119","post","type-post","status-publish","format-standard","has-post-thumbnail","hentry","category-stampa"],"_links":{"self":[{"href":"https:\/\/ucid.it\/gruppolazio\/wp-json\/wp\/v2\/posts\/3119","targetHints":{"allow":["GET"]}}],"collection":[{"href":"https:\/\/ucid.it\/gruppolazio\/wp-json\/wp\/v2\/posts"}],"about":[{"href":"https:\/\/ucid.it\/gruppolazio\/wp-json\/wp\/v2\/types\/post"}],"author":[{"embeddable":true,"href":"https:\/\/ucid.it\/gruppolazio\/wp-json\/wp\/v2\/users\/13"}],"replies":[{"embeddable":true,"href":"https:\/\/ucid.it\/gruppolazio\/wp-json\/wp\/v2\/comments?post=3119"}],"version-history":[{"count":0,"href":"https:\/\/ucid.it\/gruppolazio\/wp-json\/wp\/v2\/posts\/3119\/revisions"}],"wp:featuredmedia":[{"embeddable":true,"href":"https:\/\/ucid.it\/gruppolazio\/wp-json\/wp\/v2\/media\/3120"}],"wp:attachment":[{"href":"https:\/\/ucid.it\/gruppolazio\/wp-json\/wp\/v2\/media?parent=3119"}],"wp:term":[{"taxonomy":"category","embeddable":true,"href":"https:\/\/ucid.it\/gruppolazio\/wp-json\/wp\/v2\/categories?post=3119"},{"taxonomy":"post_tag","embeddable":true,"href":"https:\/\/ucid.it\/gruppolazio\/wp-json\/wp\/v2\/tags?post=3119"}],"curies":[{"name":"wp","href":"https:\/\/api.w.org\/{rel}","templated":true}]}}