{"id":1021,"date":"2019-10-17T12:50:29","date_gmt":"2019-10-17T10:50:29","guid":{"rendered":"http:\/\/ucid.it\/sezionegenova\/?p=1021"},"modified":"2019-10-18T11:44:15","modified_gmt":"2019-10-18T09:44:15","slug":"ucid-gruppo-ligure-newsletter-editoriale-n-1","status":"publish","type":"post","link":"https:\/\/ucid.it\/sezionegenova\/2019\/10\/17\/ucid-gruppo-ligure-newsletter-editoriale-n-1\/","title":{"rendered":"Ucid Gruppo Ligure Newsletter Editoriale n.1"},"content":{"rendered":"<h2><strong>Ucid, un ruolo in tema di migrazioni?<\/strong><\/h2>\n<p>di Giorgio Mosci, Presidente UCID Sezione Genova<\/p>\n<p>&nbsp;<\/p>\n<p>La partecipazione ad un paio di seminari e da ultimo la nostra meditazione mensile dello scorso 2 ottobre da parte del nostro assistente ecclesiastico Don Massimiliano Moretti sul viaggio di Papa Francesco in Africa mi hanno fatto riflettere sul ruolo che Ucid potrebbe o dovrebbe avere sul fenomeno delle migrazioni. In tale sede non intendo ovviamente prendere alcuna posizione politica n\u00e9 tantomeno enfatizzare la difesa dei valori cristiani della accoglienza ma proporre idee per affrontare la realt\u00e0, idee cui Ucid e vedremo pi\u00f9 con Uniapac dovrebbe contribuire.<\/p>\n<p>Alcuni dati: nel 2050 l\u2019Europa avr\u00e0 un calo demografico, nonostante l\u2019invecchiamento della popolazione, di circa 50 milioni di persone ed avr\u00e0 inoltre una carenza di forza lavoro per 70 milioni di unit\u00e0! Questi dati dovrebbero farci riflettere e coniugare da un lato al problema economico (chi e come si potranno produrre merci e servizi se non ci sono lavoratori per farlo?) a quello sociale della assistenza dei milioni di migranti, assistenza che potrebbe trovare nella carenza di offerta di lavoro la sua naturale soluzione. Certo, bisogna pensare anche agli \u201citaliani\u201d ma per questo \u00e8 necessario risolvere uno dei grandi problemi che abbiamo in Italia nel mondo del lavoro ovvero il mismatch tra offerta e domanda che vale 1\/4 ma anche 2\/4 in alcune regioni come il Veneto: su quattro offerte di lavoro ben il 50% resta inevaso! Soltanto nel recente periodo, riferisce \u201cIl Sole 24 Ore\u201d, sono migliaia i posti di lavoro non coperti nei settori del fashion, del food, della sanit\u00e0 e della istruzione. Evidente quindi che per gli \u201citaliani\u201d esiste un problema a monte che va poi a amplificarsi con il flusso migratorio. Ma assurdo per\u00f2 constatare che a prescindere da questo, ci troviamo con una disoccupazione di circa il 10% (che non tiene conto degli inattivi o i Neet che peraltro aumentano) mentre le aziende faticano a trovare lavoratori per rispondere alle proprie necessit\u00e0 produttive.<\/p>\n<p>Sicuramente c\u2019\u00e8 un problema di formazione professionale male indirizzata o poco gestita dallo stesso mondo delle imprese. La politica ha, in questo, una forte responsabilit\u00e0. E se penso ai dati sulla Europa, che ho riportato qui sopra, uniti a quelli relativi al flusso migratorio, ritengo che realt\u00e0 come Confindustria quale corpo intermedio e il Ministero del Lavoro (come le sue declinazioni territoriali) dovrebbero essere protagonisti su questo tema. Nen mi sembra, invece, di vederli seduti a questo tavolo. Ucid, quindi, virt\u00f9 della propria missione legata al mondo della impresa e del lavoro che tra spunto dalla Dottrina Sociale della Chiesa \u2013 la quale non offre modelli economici ma si preoccupa che quelli adottati mirino al rispetto della dignit\u00e0 della singola persona umana \u2013 deve assumere un ruolo importante.<\/p>\n<p>E sottolineando che il problema migratorio ha una valenza europea, Ucid dovrebbe muoversi sinergicamente con Uniapac nel proporre idee e soluzioni che prendano in considerazione il problema nella sua complessit\u00e0; non soltanto per quella sua parte che riguarda le migrazioni.<br \/>\nUcid ed Uniapac potrebbero avere un ruolo anche sul tema della cooperazione internazionale al fine di creare reti che possano incrementarla e rafforzarla: oggi le rimesse dei migranti valgono pi\u00f9 di 500 miliardi di dollari contro i 130 circa della cooperazione internazionale. Evidente che si sviluppi la migrazione economica: non potrebbe essere altrimenti. Questa si va poi ad intrecciare con il dramma dei \u201cviaggi della speranza\u201d, sui quali lucrano trafficanti senza scrupoli. Persone che impiegano mesi e mesi per raggiungere l\u2019Europa, rischiando o addirittura perdendo la propria vita, potrebbero arrivare a destinazione, l\u00e0 dove c\u2019\u00e8 bisogno del loro lavoro, con poche ore di volo. Il tutto, per\u00f2, non senza una regia operativa capace di orchestrare e far incontrare bisogni molto pi\u00f9 complementari che opposti.<\/p>\n<p>Sono alcune idee che metto sul tavolo dei programmi di Ucid per poter esprimere sempre al meglio quella missione che Ucid porta ancora avanti, dopo oltre settanta anni di storia e pur in un mondo radicalmente cambiato rispetto a quello in cui ebbe le sue origini; missione che ha comunque e pur sempre al centro la dignit\u00e0 della persona umana, in riferimento al mondo del lavoro e, in special modo, delle imprese.<\/p>\n","protected":false},"excerpt":{"rendered":"<p>Ucid, un ruolo in tema di migrazioni? di Giorgio Mosci, Presidente UCID Sezione Genova &nbsp; La partecipazione ad un paio di seminari e da ultimo la nostra meditazione mensile dello scorso 2 ottobre da parte del nostro assistente ecclesiastico Don Massimiliano Moretti sul viaggio di Papa Francesco in Africa mi hanno fatto riflettere sul ruolo [&hellip;]<\/p>\n","protected":false},"author":21,"featured_media":1043,"comment_status":"closed","ping_status":"closed","sticky":false,"template":"","format":"standard","meta":{"footnotes":""},"categories":[1],"tags":[],"class_list":["post-1021","post","type-post","status-publish","format-standard","has-post-thumbnail","hentry","category-senza-categoria"],"_links":{"self":[{"href":"https:\/\/ucid.it\/sezionegenova\/wp-json\/wp\/v2\/posts\/1021","targetHints":{"allow":["GET"]}}],"collection":[{"href":"https:\/\/ucid.it\/sezionegenova\/wp-json\/wp\/v2\/posts"}],"about":[{"href":"https:\/\/ucid.it\/sezionegenova\/wp-json\/wp\/v2\/types\/post"}],"author":[{"embeddable":true,"href":"https:\/\/ucid.it\/sezionegenova\/wp-json\/wp\/v2\/users\/21"}],"replies":[{"embeddable":true,"href":"https:\/\/ucid.it\/sezionegenova\/wp-json\/wp\/v2\/comments?post=1021"}],"version-history":[{"count":0,"href":"https:\/\/ucid.it\/sezionegenova\/wp-json\/wp\/v2\/posts\/1021\/revisions"}],"wp:featuredmedia":[{"embeddable":true,"href":"https:\/\/ucid.it\/sezionegenova\/wp-json\/wp\/v2\/media\/1043"}],"wp:attachment":[{"href":"https:\/\/ucid.it\/sezionegenova\/wp-json\/wp\/v2\/media?parent=1021"}],"wp:term":[{"taxonomy":"category","embeddable":true,"href":"https:\/\/ucid.it\/sezionegenova\/wp-json\/wp\/v2\/categories?post=1021"},{"taxonomy":"post_tag","embeddable":true,"href":"https:\/\/ucid.it\/sezionegenova\/wp-json\/wp\/v2\/tags?post=1021"}],"curies":[{"name":"wp","href":"https:\/\/api.w.org\/{rel}","templated":true}]}}