{"id":1090,"date":"2019-11-21T00:38:20","date_gmt":"2019-11-20T23:38:20","guid":{"rendered":"http:\/\/ucid.it\/sezionegenova\/?p=1090"},"modified":"2019-11-21T00:38:20","modified_gmt":"2019-11-20T23:38:20","slug":"cts-ucid-nazionale-a-genova","status":"publish","type":"post","link":"https:\/\/ucid.it\/sezionegenova\/2019\/11\/21\/cts-ucid-nazionale-a-genova\/","title":{"rendered":"CTS UCID Nazionale a Genova"},"content":{"rendered":"<p>Venerd\u00ec 8 novembre presso Palazzo della Meridiana si \u00e8 svolto il Comitato Tecnico Scientifico della Ucid Nazionale sul tema di attualit\u00e0 relativo alle nuove forme partecipative e nuovi modelli di relazioni industriali alla luce della dottrina sociale della Chiesa. <span style=\"float: none;background-color: #ffffff;color: #333333;cursor: text;font-family: 'Noto Serif',serif;font-size: 17px;font-style: normal;font-variant: normal;font-weight: 400;letter-spacing: normal;text-align: left;text-decoration: none;text-indent: 0px;text-transform: none\">Ad aprire i lavori le parole del presidente di Ucid Liguria Davide Viziano che ha parlato della possibilit\u00e0, nell&#8217;ambito del lavoro di realizzare un nuovo patto sociale tra capitale e lavoro. L<\/span>a successiva tavola rotonda ha visto gli interventi di Giovanni Brugnoli, vicepresidente di Confindustria, Vincenzo Colla, vicesegretario generale Cgil, Giulio Romani, segretario confederale Cisl, Mario Ghini, segretario generale Uil Liguria, Paolo Capone segretario generale Ugl. Il moderatore della tavola rotonda Riccardo Pedrizzi, presidente del CTS della UCID ha evidenziato come la tradizione\u00a0 sociale della Chiesa e i richiami alla costituzione sulla partecipazione dei lavoratori siano tornati d&#8217;attualit\u00e0. Presenti in sala anche il presidente della Regione Liguria Giovanni Toti, il sindaco di Genova Marco Bucci. A conclusione dell&#8217;incontro le parole di S.E il Cardinale Angelo Bagnasco.<\/p>\n<p><em>Rassegna Stampa\u00a0<\/em><\/p>\n<p><a href=\"http:\/\/ucid.it\/sezionegenova\/wp-content\/uploads\/sites\/58\/2019\/11\/Il-Secolo-XIX_-Patto-tra-lavoro-ed-imprese-stile-Ferrari.pdf\">Il Secolo XIX 8_11<\/a><\/p>\n<p><a href=\"http:\/\/www.ansa.it\/liguria\/notizie\/2019\/11\/08\/a.mittal-card.bagnascosono-preoccupato_b278f097-9cf3-475c-a72e-7e01d0f13772.html\">Ansa Liguria\u00a0<\/a><\/p>\n<p><a href=\"http:\/\/ucid.it\/sezionegenova\/wp-content\/uploads\/sites\/58\/2019\/11\/Avvenire_-E-urgente-una-nuova-alleanza-tra-capitale-e-lavoro.pdf\">Il Secolo XIX 9_ 11<\/a><\/p>\n<p><a href=\"http:\/\/ucid.it\/sezionegenova\/wp-content\/uploads\/sites\/58\/2019\/11\/Il-Secolo-XIX_Bagnasco-chiudere-la-fabbrica-un-fallimento-per-litalia-intera.pdf\">L&#8217;Avvenire 12_11<\/a><\/p>\n<p><a href=\"https:\/\/youtu.be\/4g1ea6stX0s\">Rai Tre Regione Liguria 12_11<\/a><\/p>\n<p><a href=\"https:\/\/telenord.it\/tgn-news-edizione-dell-8-novembre-2019-ore-19\/\">Telenord_ 8_11 min4_47<\/a><\/p>\n<p><a href=\"https:\/\/genova.repubblica.it\/cronaca\/2019\/11\/08\/news\/_mittal_boccia_cosi_nessuno_piu_investe_in_italia-240621454\/\">La Repubblica ed Genova<\/a><\/p>\n<p><a href=\"https:\/\/www.mentelocale.it\/genova\/eventi\/150923-nuove-forme-partecipative-e-modelli-di-relazioni-industriali-alla-luce-della-dottrina-sociale-della-chiesa.htm\">mentelocale.it<\/a><\/p>\n<p><a href=\"https:\/\/www.secoloditalia.it\/2019\/11\/convegno-ucid-bagnasco-in-campo-per-lilva-pedrizzi-partecipazione-subito-video-e-foto\/\">secoloditalia.it<\/a><\/p>\n<p><a href=\"https:\/\/www.ilcittadino.ge.it\/Comunita-diocesana\/Convegno-Ucid-nel-Palazzo-della-Meridiana\">ilcittadino.ge.it<\/a><\/p>\n<p><a href=\"https:\/\/formiche.net\/2019\/11\/pedrizzi-ucid-cristiani-genova-confindustria\/\">formiche.net<\/a><\/p>\n<p><a href=\"http:\/\/www.genova3000.it\/economia\/14336-oggi-il-convegno-ucid-a-palazzo-della-meridiana.html\">genova3000.it<\/a><\/p>\n<p>&nbsp;<\/p>\n","protected":false},"excerpt":{"rendered":"<p>Venerd\u00ec 8 novembre presso Palazzo della Meridiana si \u00e8 svolto il Comitato Tecnico Scientifico della Ucid Nazionale sul tema di attualit\u00e0 relativo alle nuove forme partecipative e nuovi modelli di relazioni industriali alla luce della dottrina sociale della Chiesa. Ad aprire i lavori le parole del presidente di Ucid Liguria Davide Viziano che ha parlato [&hellip;]<\/p>\n","protected":false},"author":21,"featured_media":1095,"comment_status":"closed","ping_status":"closed","sticky":false,"template":"","format":"standard","meta":{"footnotes":""},"categories":[1],"tags":[],"class_list":["post-1090","post","type-post","status-publish","format-standard","has-post-thumbnail","hentry","category-senza-categoria"],"_links":{"self":[{"href":"https:\/\/ucid.it\/sezionegenova\/wp-json\/wp\/v2\/posts\/1090","targetHints":{"allow":["GET"]}}],"collection":[{"href":"https:\/\/ucid.it\/sezionegenova\/wp-json\/wp\/v2\/posts"}],"about":[{"href":"https:\/\/ucid.it\/sezionegenova\/wp-json\/wp\/v2\/types\/post"}],"author":[{"embeddable":true,"href":"https:\/\/ucid.it\/sezionegenova\/wp-json\/wp\/v2\/users\/21"}],"replies":[{"embeddable":true,"href":"https:\/\/ucid.it\/sezionegenova\/wp-json\/wp\/v2\/comments?post=1090"}],"version-history":[{"count":0,"href":"https:\/\/ucid.it\/sezionegenova\/wp-json\/wp\/v2\/posts\/1090\/revisions"}],"wp:featuredmedia":[{"embeddable":true,"href":"https:\/\/ucid.it\/sezionegenova\/wp-json\/wp\/v2\/media\/1095"}],"wp:attachment":[{"href":"https:\/\/ucid.it\/sezionegenova\/wp-json\/wp\/v2\/media?parent=1090"}],"wp:term":[{"taxonomy":"category","embeddable":true,"href":"https:\/\/ucid.it\/sezionegenova\/wp-json\/wp\/v2\/categories?post=1090"},{"taxonomy":"post_tag","embeddable":true,"href":"https:\/\/ucid.it\/sezionegenova\/wp-json\/wp\/v2\/tags?post=1090"}],"curies":[{"name":"wp","href":"https:\/\/api.w.org\/{rel}","templated":true}]}}