{"id":1302,"date":"2023-09-14T17:37:55","date_gmt":"2023-09-14T15:37:55","guid":{"rendered":"https:\/\/ucid.it\/sezionegenova\/?p=1302"},"modified":"2023-09-14T17:37:55","modified_gmt":"2023-09-14T15:37:55","slug":"convegno-la-situazione-economica-e-del-lavoro-in-liguria-gap-di-competenze-e-formazione-20-9-2023","status":"publish","type":"post","link":"https:\/\/ucid.it\/sezionegenova\/2023\/09\/14\/convegno-la-situazione-economica-e-del-lavoro-in-liguria-gap-di-competenze-e-formazione-20-9-2023\/","title":{"rendered":"Convegno \u201cLa situazione economica e del lavoro in Liguria.  Gap di competenze e formazione\u201d 20\/9\/2023"},"content":{"rendered":"<p><a href=\"http:\/\/ucid.it\/sezionegenova\/wp-content\/uploads\/sites\/58\/2023\/09\/INVITO1_page-0001.jpg\"><img loading=\"lazy\" decoding=\"async\" class=\"aligncenter size-medium wp-image-1304\" src=\"http:\/\/ucid.it\/sezionegenova\/wp-content\/uploads\/sites\/58\/2023\/09\/INVITO1_page-0001-212x300.jpg\" alt=\"\" width=\"212\" height=\"300\" srcset=\"https:\/\/ucid.it\/sezionegenova\/wp-content\/uploads\/sites\/58\/2023\/09\/INVITO1_page-0001-212x300.jpg 212w, https:\/\/ucid.it\/sezionegenova\/wp-content\/uploads\/sites\/58\/2023\/09\/INVITO1_page-0001-724x1024.jpg 724w, https:\/\/ucid.it\/sezionegenova\/wp-content\/uploads\/sites\/58\/2023\/09\/INVITO1_page-0001-768x1087.jpg 768w, https:\/\/ucid.it\/sezionegenova\/wp-content\/uploads\/sites\/58\/2023\/09\/INVITO1_page-0001-1085x1536.jpg 1085w, https:\/\/ucid.it\/sezionegenova\/wp-content\/uploads\/sites\/58\/2023\/09\/INVITO1_page-0001.jpg 1240w\" sizes=\"auto, (max-width: 212px) 100vw, 212px\" \/><\/a> <a href=\"http:\/\/ucid.it\/sezionegenova\/wp-content\/uploads\/sites\/58\/2023\/09\/INVITO1_page-0002.jpg\"><img loading=\"lazy\" decoding=\"async\" class=\"aligncenter size-medium wp-image-1305\" src=\"http:\/\/ucid.it\/sezionegenova\/wp-content\/uploads\/sites\/58\/2023\/09\/INVITO1_page-0002-212x300.jpg\" alt=\"\" width=\"212\" height=\"300\" srcset=\"https:\/\/ucid.it\/sezionegenova\/wp-content\/uploads\/sites\/58\/2023\/09\/INVITO1_page-0002-212x300.jpg 212w, https:\/\/ucid.it\/sezionegenova\/wp-content\/uploads\/sites\/58\/2023\/09\/INVITO1_page-0002-724x1024.jpg 724w, https:\/\/ucid.it\/sezionegenova\/wp-content\/uploads\/sites\/58\/2023\/09\/INVITO1_page-0002-768x1087.jpg 768w, https:\/\/ucid.it\/sezionegenova\/wp-content\/uploads\/sites\/58\/2023\/09\/INVITO1_page-0002-1085x1536.jpg 1085w, https:\/\/ucid.it\/sezionegenova\/wp-content\/uploads\/sites\/58\/2023\/09\/INVITO1_page-0002.jpg 1240w\" sizes=\"auto, (max-width: 212px) 100vw, 212px\" \/><\/a> <a href=\"http:\/\/ucid.it\/sezionegenova\/wp-content\/uploads\/sites\/58\/2023\/09\/INVITO1_page-0003.jpg\"><img loading=\"lazy\" decoding=\"async\" class=\"aligncenter size-medium wp-image-1306\" src=\"http:\/\/ucid.it\/sezionegenova\/wp-content\/uploads\/sites\/58\/2023\/09\/INVITO1_page-0003-212x300.jpg\" alt=\"\" width=\"212\" height=\"300\" srcset=\"https:\/\/ucid.it\/sezionegenova\/wp-content\/uploads\/sites\/58\/2023\/09\/INVITO1_page-0003-212x300.jpg 212w, https:\/\/ucid.it\/sezionegenova\/wp-content\/uploads\/sites\/58\/2023\/09\/INVITO1_page-0003-724x1024.jpg 724w, https:\/\/ucid.it\/sezionegenova\/wp-content\/uploads\/sites\/58\/2023\/09\/INVITO1_page-0003-768x1087.jpg 768w, https:\/\/ucid.it\/sezionegenova\/wp-content\/uploads\/sites\/58\/2023\/09\/INVITO1_page-0003-1085x1536.jpg 1085w, https:\/\/ucid.it\/sezionegenova\/wp-content\/uploads\/sites\/58\/2023\/09\/INVITO1_page-0003.jpg 1240w\" sizes=\"auto, (max-width: 212px) 100vw, 212px\" \/><\/a>Convegno Unione Cristiana Imprenditori e Dirigenti \u2013 Genova<\/p>\n<p><strong>\u201cLa situazione economica e del lavoro in Liguria. <\/strong><\/p>\n<p><strong>Gap di competenze e formazione\u201d.<\/strong><\/p>\n<p>&nbsp;<\/p>\n<p><strong>Mercoled\u00ec 20 settembre 2023 \u2013 Ore 17.00 &#8211; 19.30<\/strong><\/p>\n<p><strong>Palazzo della Meridiana, Salita di San Francesco 4, Genova<\/strong><\/p>\n<p><strong>Introduzione <\/strong><\/p>\n<p>&#8220;La situazione economica e del lavoro in Liguria. Gap di competenze e formazione &#8220;, \u00e8 il convegno organizzato dall&#8217;Unione Cristiana agli imprenditori e Dirigenti (UCID) di Genova. L&#8217;evento avr\u00e0 luogo\u00a0 \u00a0mercoled\u00ec 20 settembre 2023 dalle 17 alle 19.30 a Palazzo della Meridiana, Salita di San Francesco 4, Genova.<\/p>\n<p>In un periodo caratterizzato da veloci mutamenti economici e tecnologici, l&#8217;ambiente lavorativo richiede un adattamento continuo e l&#8217;acquisizione di competenze sempre pi\u00f9 sofisticate. Alla luce di questa situazione, l\u2019evento mira ad esaminare l&#8217;importante questione della preparazione per il futuro del lavoro nella regione Liguria. Questo obiettivo sar\u00e0 affrontato sulla base dei risultati emersi dalla recente ricerca condotta da The European House Ambrosetti, che analizza le priorit\u00e0 e le sfide per garantire un futuro competitivo per la Regione Liguria. (per consultare il rapporto clicca <a href=\"https:\/\/www.ambrosetti.eu\/think-tank-ambrosetti\/think-tank-liguria-2030\/+\">qui<\/a>)<\/p>\n<p>Il programma della giornata \u00e8 stato pensato al fine di fornire una panoramica completa degli aspetti chiave legati a questa sfida.<\/p>\n<p>L\u2019evento sar\u00e0 aperto da Davide Viziano Presidente di Ucid Liguria. \u00a0Andrea Benveduti, Assessore allo Sviluppo Economico della Regione Liguria, insieme a Mario Mascia, Assessore allo Sviluppo Economico e Urbanistica del Comune di Genova, introdurranno il convegno, condividendo le loro prospettive sulle strategie per affrontare le sfide economiche attuali, mentre Don Massimiliano Moretti, Cappellano del Lavoro e Assistente Ecclesiastico UCID Liguria, condivider\u00e0 le considerazioni sul tema che sono maturate nell\u2019Arcidiocesi.<\/p>\n<p>Gli elementi generali di contesto saranno presentati da Alessandro Tripoli, Area Leader di The European House Ambrosetti, il quale fornir\u00e0 una visione chiara dei dati e delle prospettive economiche e lavorative in Liguria.<\/p>\n<p>&nbsp;<\/p>\n<p>Monica D\u2019Andre, Responsabile dell&#8217;Area Lavoro presso la Camera di Commercio di Genova, presenter\u00e0 i dati e le previsioni occupazionali delle imprese liguri per il 2023 e le prospettive per gli anni seguenti<span style=\"text-decoration: line-through\">.<\/span><\/p>\n<p><span style=\"text-decoration: line-through\">\u00a0<\/span><\/p>\n<p>La conferenza si sposter\u00e0 quindi sul ruolo cruciale delle istituzioni educative con interventi di Alessandro Clavarino, Dirigente dell\u2019Ufficio Scolastico Regionale della Liguria, e Mario Marchese, Prorettore dell&#8217;Universit\u00e0 di Genova, i quali condivideranno riflessioni sul modo in cui scuole e universit\u00e0 contribuiscono a colmare il divario di competenze.<\/p>\n<p>La tavola rotonda finale, che riunir\u00e0 Paolo Sottili, Direttore Generale di ALFA Liguria, Claudio Oliva, Direttore del Job Centre Genova, Claudio Banci, Responsabile delle Politiche Attive del Lavoro di Confindustria, e Paola Bavoso, Segretaria Confederale CISL Liguria delegata alle politiche e al mercato del lavoro, affronter\u00e0 le criticit\u00e0 esistenti e proporr\u00e0 soluzioni per affrontare le sfide legate alle competenze lavorative.<\/p>\n<p>La giornata si chiuder\u00e0 con l\u2019intervento di Luca Barigione, Presidente UCID Genova, che offrir\u00e0 una prospettiva sintetica e ispiratrice sugli argomenti trattati durante il convegno.<\/p>\n<p>Alla fine dell&#8217;evento, sar\u00e0 offerto un momento di convivialit\u00e0 con un aperitivo, offrendo l&#8217;opportunit\u00e0 di continuare le discussioni e costruire reti di contatti preziose.<\/p>\n","protected":false},"excerpt":{"rendered":"<p>Convegno Unione Cristiana Imprenditori e Dirigenti \u2013 Genova \u201cLa situazione economica e del lavoro in Liguria. Gap di competenze e formazione\u201d. &nbsp; Mercoled\u00ec 20 settembre 2023 \u2013 Ore 17.00 &#8211; 19.30 Palazzo della Meridiana, Salita di San Francesco 4, Genova Introduzione &#8220;La situazione economica e del lavoro in Liguria. Gap di competenze e formazione &#8220;, [&hellip;]<\/p>\n","protected":false},"author":21,"featured_media":1304,"comment_status":"closed","ping_status":"closed","sticky":false,"template":"","format":"standard","meta":{"footnotes":""},"categories":[17,15,16],"tags":[],"class_list":["post-1302","post","type-post","status-publish","format-standard","has-post-thumbnail","hentry","category-cultura","category-eventi","category-sezione-genova"],"_links":{"self":[{"href":"https:\/\/ucid.it\/sezionegenova\/wp-json\/wp\/v2\/posts\/1302","targetHints":{"allow":["GET"]}}],"collection":[{"href":"https:\/\/ucid.it\/sezionegenova\/wp-json\/wp\/v2\/posts"}],"about":[{"href":"https:\/\/ucid.it\/sezionegenova\/wp-json\/wp\/v2\/types\/post"}],"author":[{"embeddable":true,"href":"https:\/\/ucid.it\/sezionegenova\/wp-json\/wp\/v2\/users\/21"}],"replies":[{"embeddable":true,"href":"https:\/\/ucid.it\/sezionegenova\/wp-json\/wp\/v2\/comments?post=1302"}],"version-history":[{"count":0,"href":"https:\/\/ucid.it\/sezionegenova\/wp-json\/wp\/v2\/posts\/1302\/revisions"}],"wp:featuredmedia":[{"embeddable":true,"href":"https:\/\/ucid.it\/sezionegenova\/wp-json\/wp\/v2\/media\/1304"}],"wp:attachment":[{"href":"https:\/\/ucid.it\/sezionegenova\/wp-json\/wp\/v2\/media?parent=1302"}],"wp:term":[{"taxonomy":"category","embeddable":true,"href":"https:\/\/ucid.it\/sezionegenova\/wp-json\/wp\/v2\/categories?post=1302"},{"taxonomy":"post_tag","embeddable":true,"href":"https:\/\/ucid.it\/sezionegenova\/wp-json\/wp\/v2\/tags?post=1302"}],"curies":[{"name":"wp","href":"https:\/\/api.w.org\/{rel}","templated":true}]}}