{"id":1336,"date":"2026-01-14T12:40:18","date_gmt":"2026-01-14T11:40:18","guid":{"rendered":"https:\/\/ucid.it\/sezionegenova\/?p=1336"},"modified":"2026-01-14T12:41:36","modified_gmt":"2026-01-14T11:41:36","slug":"il-lavoro-foresto-minaccia-o-opportunita","status":"publish","type":"post","link":"https:\/\/ucid.it\/sezionegenova\/2026\/01\/14\/il-lavoro-foresto-minaccia-o-opportunita\/","title":{"rendered":"&#8220;Il Lavoro foresto: minaccia o opportunit\u00e0"},"content":{"rendered":"<p><strong><a href=\"http:\/\/ucid.it\/sezionegenova\/wp-content\/uploads\/sites\/58\/2026\/01\/Convegno_Lavoro_Foresto_21_gennaio_2026.jpg\"><img loading=\"lazy\" decoding=\"async\" class=\"alignleft size-medium wp-image-1337\" src=\"http:\/\/ucid.it\/sezionegenova\/wp-content\/uploads\/sites\/58\/2026\/01\/Convegno_Lavoro_Foresto_21_gennaio_2026-212x300.jpg\" alt=\"\" width=\"212\" height=\"300\" srcset=\"https:\/\/ucid.it\/sezionegenova\/wp-content\/uploads\/sites\/58\/2026\/01\/Convegno_Lavoro_Foresto_21_gennaio_2026-212x300.jpg 212w, https:\/\/ucid.it\/sezionegenova\/wp-content\/uploads\/sites\/58\/2026\/01\/Convegno_Lavoro_Foresto_21_gennaio_2026-724x1024.jpg 724w, https:\/\/ucid.it\/sezionegenova\/wp-content\/uploads\/sites\/58\/2026\/01\/Convegno_Lavoro_Foresto_21_gennaio_2026-768x1086.jpg 768w, https:\/\/ucid.it\/sezionegenova\/wp-content\/uploads\/sites\/58\/2026\/01\/Convegno_Lavoro_Foresto_21_gennaio_2026-1086x1536.jpg 1086w, https:\/\/ucid.it\/sezionegenova\/wp-content\/uploads\/sites\/58\/2026\/01\/Convegno_Lavoro_Foresto_21_gennaio_2026-1448x2048.jpg 1448w, https:\/\/ucid.it\/sezionegenova\/wp-content\/uploads\/sites\/58\/2026\/01\/Convegno_Lavoro_Foresto_21_gennaio_2026.jpg 1587w\" sizes=\"auto, (max-width: 212px) 100vw, 212px\" \/><\/a>Mercoled\u00ec 21 Gennaio 2026 alle ore 17:30<\/strong> presso C<strong>onfindustria, Sala Auditorium, Via San Vincenzo, 2 Genova<\/strong>, si terr\u00e0 il Convegno <strong>&#8220;Il lav<\/strong><strong>oro foresto: minaccia o opportunit\u00e0?&#8221;<\/strong>.<\/p>\n<p>L&#8217;evento, promosso da<span class=\"Apple-converted-space\">\u00a0<\/span><strong>UCID Liguria<\/strong><span class=\"Apple-converted-space\">\u00a0<\/span>e<span class=\"Apple-converted-space\">\u00a0<\/span><strong>Unione Giuristi Cattolici Italiani \u2013 Unione Locale di Genova \u201cEttore Vernazza\u201d,<\/strong>\u00a0rappresenta<span class=\"Apple-converted-space\">\u00a0<\/span>il primo appuntamento di un percorso di approfondimento dedicato al tema del lavoro foresto.<\/p>\n<p>Questo tema \u00e8 oggi al centro di importanti trasformazioni che coinvolgono il mondo delle imprese, delle istituzioni e della societ\u00e0 civile, intrecciando aspetti economici, sociali e normativi di grande rilevanza per il nostro territorio.<br \/>\nCon questo primo incontro si intende quindi avviare un confronto strutturato e qualificato, capace di offrire strumenti di analisi e spunti di riflessione sulle dinamiche in atto e sulle prospettive future.<\/p>\n<p>Nel corso del convegno interverranno rappresentanti istituzionali, esperti e protagonisti del mondo economico e associativo, con una tavola rotonda finale dedicata al dialogo e al confronto.<\/p>\n<p>&nbsp;<\/p>\n<p>&nbsp;<\/p>\n<p>&nbsp;<\/p>\n","protected":false},"excerpt":{"rendered":"<p>Mercoled\u00ec 21 Gennaio 2026 alle ore 17:30 presso Confindustria, Sala Auditorium, Via San Vincenzo, 2 Genova, si terr\u00e0 il Convegno &#8220;Il lavoro foresto: minaccia o opportunit\u00e0?&#8221;. L&#8217;evento, promosso da\u00a0UCID Liguria\u00a0e\u00a0Unione Giuristi Cattolici Italiani \u2013 Unione Locale di Genova \u201cEttore Vernazza\u201d,\u00a0rappresenta\u00a0il primo appuntamento di un percorso di approfondimento dedicato al tema del lavoro foresto. Questo tema [&hellip;]<\/p>\n","protected":false},"author":21,"featured_media":0,"comment_status":"closed","ping_status":"closed","sticky":false,"template":"","format":"standard","meta":{"footnotes":""},"categories":[3,15],"tags":[],"class_list":["post-1336","post","type-post","status-publish","format-standard","hentry","category-attualita","category-eventi"],"_links":{"self":[{"href":"https:\/\/ucid.it\/sezionegenova\/wp-json\/wp\/v2\/posts\/1336","targetHints":{"allow":["GET"]}}],"collection":[{"href":"https:\/\/ucid.it\/sezionegenova\/wp-json\/wp\/v2\/posts"}],"about":[{"href":"https:\/\/ucid.it\/sezionegenova\/wp-json\/wp\/v2\/types\/post"}],"author":[{"embeddable":true,"href":"https:\/\/ucid.it\/sezionegenova\/wp-json\/wp\/v2\/users\/21"}],"replies":[{"embeddable":true,"href":"https:\/\/ucid.it\/sezionegenova\/wp-json\/wp\/v2\/comments?post=1336"}],"version-history":[{"count":0,"href":"https:\/\/ucid.it\/sezionegenova\/wp-json\/wp\/v2\/posts\/1336\/revisions"}],"wp:attachment":[{"href":"https:\/\/ucid.it\/sezionegenova\/wp-json\/wp\/v2\/media?parent=1336"}],"wp:term":[{"taxonomy":"category","embeddable":true,"href":"https:\/\/ucid.it\/sezionegenova\/wp-json\/wp\/v2\/categories?post=1336"},{"taxonomy":"post_tag","embeddable":true,"href":"https:\/\/ucid.it\/sezionegenova\/wp-json\/wp\/v2\/tags?post=1336"}],"curies":[{"name":"wp","href":"https:\/\/api.w.org\/{rel}","templated":true}]}}