{"id":1358,"date":"2026-04-08T11:47:29","date_gmt":"2026-04-08T09:47:29","guid":{"rendered":"https:\/\/ucid.it\/sezionegenova\/?p=1358"},"modified":"2026-04-08T11:58:38","modified_gmt":"2026-04-08T09:58:38","slug":"ciclo-di-incontri-sulla-esortazione-apostolica-dilexi-te","status":"publish","type":"post","link":"https:\/\/ucid.it\/sezionegenova\/2026\/04\/08\/ciclo-di-incontri-sulla-esortazione-apostolica-dilexi-te\/","title":{"rendered":"Ciclo di incontri sulla Esortazione Apostolica &#8220;Dilexi Te&#8221;"},"content":{"rendered":"<p><a href=\"http:\/\/ucid.it\/sezionegenova\/wp-content\/uploads\/sites\/58\/2026\/04\/images.png\"><img loading=\"lazy\" decoding=\"async\" src=\"http:\/\/ucid.it\/sezionegenova\/wp-content\/uploads\/sites\/58\/2026\/04\/images.png\" alt=\"\" width=\"300\" height=\"168\" class=\"alignleft size-full wp-image-1360\" \/><\/a><br \/>\nProsegue con partecipazione e interesse il percorso \u201cDilexi Te\u201d, promosso da UCID Liguria come occasione di riflessione e confronto sui valori che guidano l\u2019agire dell\u2019imprenditore e del dirigente cristiano.<\/p>\n<p>Gli incontri gi\u00e0 svolti hanno rappresentato momenti significativi di dialogo, durante i quali i partecipanti hanno potuto approfondire temi centrali legati all\u2019etica del lavoro, alla responsabilit\u00e0 sociale e al ruolo della persona all\u2019interno dell\u2019impresa. Il clima di condivisione e ascolto reciproco ha favorito uno scambio autentico di esperienze, arricchendo il percorso sia sul piano umano sia professionale.<\/p>\n<p>Il cammino prosegue con il prossimo incontro, in programma marted\u00ec 21 aprile, che si inserisce nel solco delle riflessioni gi\u00e0 avviate e intende offrire ulteriori spunti di crescita e approfondimento. Sar\u00e0 un\u2019ulteriore occasione per rafforzare il senso di comunit\u00e0 e per interrogarsi, alla luce dei valori cristiani, sulle sfide del presente.<\/p>\n<p>\ud83d\udcc5 marted\u00ec 21 aprile 2026<br \/>\n\ud83d\udd55 ore 18.15<br \/>\n\ud83d\udccd Sala San Siro \u2013 Curia<br \/>\nPiazza Matteotti, 4 \u2013 Genova<\/p>\n","protected":false},"excerpt":{"rendered":"<p>Prosegue con partecipazione e interesse il percorso \u201cDilexi Te\u201d, promosso da UCID Liguria come occasione di riflessione e confronto sui valori che guidano l\u2019agire dell\u2019imprenditore e del dirigente cristiano. Gli incontri gi\u00e0 svolti hanno rappresentato momenti significativi di dialogo, durante i quali i partecipanti hanno potuto approfondire temi centrali legati all\u2019etica del lavoro, alla responsabilit\u00e0 [&hellip;]<\/p>\n","protected":false},"author":21,"featured_media":1362,"comment_status":"closed","ping_status":"closed","sticky":false,"template":"","format":"standard","meta":{"footnotes":""},"categories":[2,5],"tags":[],"class_list":["post-1358","post","type-post","status-publish","format-standard","has-post-thumbnail","hentry","category-attivita","category-formazione"],"_links":{"self":[{"href":"https:\/\/ucid.it\/sezionegenova\/wp-json\/wp\/v2\/posts\/1358","targetHints":{"allow":["GET"]}}],"collection":[{"href":"https:\/\/ucid.it\/sezionegenova\/wp-json\/wp\/v2\/posts"}],"about":[{"href":"https:\/\/ucid.it\/sezionegenova\/wp-json\/wp\/v2\/types\/post"}],"author":[{"embeddable":true,"href":"https:\/\/ucid.it\/sezionegenova\/wp-json\/wp\/v2\/users\/21"}],"replies":[{"embeddable":true,"href":"https:\/\/ucid.it\/sezionegenova\/wp-json\/wp\/v2\/comments?post=1358"}],"version-history":[{"count":3,"href":"https:\/\/ucid.it\/sezionegenova\/wp-json\/wp\/v2\/posts\/1358\/revisions"}],"predecessor-version":[{"id":1361,"href":"https:\/\/ucid.it\/sezionegenova\/wp-json\/wp\/v2\/posts\/1358\/revisions\/1361"}],"wp:featuredmedia":[{"embeddable":true,"href":"https:\/\/ucid.it\/sezionegenova\/wp-json\/wp\/v2\/media\/1362"}],"wp:attachment":[{"href":"https:\/\/ucid.it\/sezionegenova\/wp-json\/wp\/v2\/media?parent=1358"}],"wp:term":[{"taxonomy":"category","embeddable":true,"href":"https:\/\/ucid.it\/sezionegenova\/wp-json\/wp\/v2\/categories?post=1358"},{"taxonomy":"post_tag","embeddable":true,"href":"https:\/\/ucid.it\/sezionegenova\/wp-json\/wp\/v2\/tags?post=1358"}],"curies":[{"name":"wp","href":"https:\/\/api.w.org\/{rel}","templated":true}]}}