{"id":289,"date":"2014-03-26T10:05:28","date_gmt":"2014-03-26T09:05:28","guid":{"rendered":"http:\/\/ucid.it\/sezionegenova\/?p=289"},"modified":"2014-03-28T10:31:20","modified_gmt":"2014-03-28T09:31:20","slug":"cattedrale-di-san-lorenzo","status":"publish","type":"post","link":"https:\/\/ucid.it\/sezionegenova\/2014\/03\/26\/cattedrale-di-san-lorenzo\/","title":{"rendered":"Cattedrale di San Lorenzo"},"content":{"rendered":"<p style=\"text-align: justify\">Le prime notizie certe che attestano l\u2019esistenza della Cattedrale di San Lorenzo risalgono all\u2019878, anno in cui il vescovo Sabatino predispose la traslazione delle reliquie di San Romolo. Grazie alle indagini archeologiche si \u00e8 potuta escludere la presenza in loco di edifici religiosi anteriori alla prima met\u00e0 del VI secolo. La cattedrale di San Lorenzo non sembra quindi essere stata la prima sede vescovile della citt\u00e0: le fonti ufficiali e la tradizione religiosa cittadina ricordano infatti diversi nomi di vescovi risalenti al IV &#8211; V secolo. L\u2019arcivescovo Jacopo da Varagine indica inoltre nella sua Cronaca Civitatis Ianuae (XIII secolo) l\u2019attuale chiesa di San Siro (allora intitolata ai Dodici Apostoli) come la prima Cattedrale cittadina.<\/p>\n<p style=\"text-align: justify\">Durante il X secolo, la Cattedrale di San Lorenzo acquis\u00ec una crescente importanza all\u2019interno del contesto cittadino, sia dal punto di vista religioso che da quello civile, grazie anche alla sua ottima collocazione nel tessuto urbano: a partire dal 1007, quando l\u2019antica basilica di San Siro fu affidata ai monaci benedettini, San Lorenzo divenne il polo vescovile (e politico) esclusivo della citt\u00e0, almeno sino al XIV secolo. Fra il XI e il XII secolo le autorit\u00e0 cittadine disposero la costruzione di un edificio religioso in grado di rappresentare la crescente potenza di Genova: il progetto fu affidato ai Magistri Antelami, maestri architetti, scultori e carpentieri di tradizione romanica provenienti dalla Valle d\u2019Intelvi (nel comasco). Nel XIII secolo (circa 1230) si decise di rinnovare totalmente la Cattedrale avviando un nuovo progetto architettonico che comport\u00f2 una grandiosa ristrutturazione: l\u2019edificio prese l\u2019aspetto che ancora oggi conserva di Cattedrale gotica, con l\u2019imponente facciata a due torri. Bench\u00e9 opera di due artisti di origini franco-normanne, il progetto gotico prevedeva l\u2019introduzione di diversi elementi decorativi propri della tradizione architettonica mediterranea in grado di mitigare l\u2019impianto francese della Cattedrale. Dell\u2019antica costruzione romanica furono salvati i due portali laterali di San Giovanni e San Gottardo. I lavori subirono per\u00f2 una battuta d\u2019arresto a met\u00e0 del XIII secolo, forse a causa di una crisi economica; il rovinoso incendio nel 1296 comport\u00f2 poi la sostituzione dei colonnati interni e di gran parte dei capitelli. A questa fase (primi decenni del Trecento) risalgono gli affreschi sopravvissuti della controfacciata e delle navate laterali, opera di un ignoto pittore di tradizione bizantina. Nel corso del XIV e XV secolo cominci\u00f2 la costruzione delle cappelle e degli altari sulle navate. I lavori per la Cappella del Battista, che conserva le ceneri del Precursore, cominciarono nel 1450. Nel XVI secolo, a causa di un esplosione del deposito delle polveri sito nel Palazzo Vescovile, furono restaurate le coperture, gravemente danneggiate, ad opera dell\u2019architetto manierista Galeazzo Alessi (1512-1572). All\u2019interno vi operarono i pi\u00f9 grandi artisti genovesi e non del XVI e XVII: Luca Cambiaso (1527-1585) che realizz\u00f2 alcuni dipinti e affresc\u00f2 la Cappella Lercari insieme a G. B. Castello, detto il Bergamasco (inizi XVI secolo-1569); Lazzaro Tavarone (1556-1641) al quale i Padri del Comune affidarono negli anni 20\u00bf del XVII secolo la decorazione della zona absidale con le Storie di San Lorenzo; Federico Barocci (1535-1612) che realizz\u00f2 nel 1596 per Matteo Senarega la pala d\u2019altare con la Crocifissione con Vergine, San Giovanni e San Sebastiano.<\/p>\n<p style=\"text-align: justify\">Infine tra XIX e XX secolo cominciarono i lavori per il graduale recupero della facies medioevale della cattedrale. In occasione dell\u2019Anno Giubilare del 2000 si avviarono notevoli restauri che interessarono gran parte dell\u2019edificio.<\/p>\n\n\t\t<style type=\"text\/css\">\n\t\t\t#gallery-1 {\n\t\t\t\tmargin: auto;\n\t\t\t}\n\t\t\t#gallery-1 .gallery-item {\n\t\t\t\tfloat: left;\n\t\t\t\tmargin-top: 10px;\n\t\t\t\ttext-align: center;\n\t\t\t\twidth: 33%;\n\t\t\t}\n\t\t\t#gallery-1 img {\n\t\t\t\tborder: 2px solid #cfcfcf;\n\t\t\t}\n\t\t\t#gallery-1 .gallery-caption {\n\t\t\t\tmargin-left: 0;\n\t\t\t}\n\t\t\t\/* see gallery_shortcode() in wp-includes\/media.php *\/\n\t\t<\/style>\n\t\t<div id='gallery-1' class='gallery galleryid-289 gallery-columns-3 gallery-size-thumbnail'><dl class='gallery-item'>\n\t\t\t<dt class='gallery-icon portrait'>\n\t\t\t\t<a href='https:\/\/ucid.it\/sezionegenova\/2014\/03\/26\/cattedrale-di-san-lorenzo\/portale_san_lorenzo_genova\/'><img loading=\"lazy\" decoding=\"async\" width=\"150\" height=\"150\" src=\"https:\/\/ucid.it\/sezionegenova\/wp-content\/uploads\/sites\/58\/2014\/03\/portale_San_Lorenzo_Genova-150x150.jpg\" class=\"attachment-thumbnail size-thumbnail\" alt=\"\" aria-describedby=\"gallery-1-296\" \/><\/a>\n\t\t\t<\/dt>\n\t\t\t\t<dd class='wp-caption-text gallery-caption' id='gallery-1-296'>\n\t\t\t\tIl portale della Cattedrale\n\t\t\t\t<\/dd><\/dl><dl class='gallery-item'>\n\t\t\t<dt class='gallery-icon landscape'>\n\t\t\t\t<a href='https:\/\/ucid.it\/sezionegenova\/2014\/03\/26\/cattedrale-di-san-lorenzo\/genova-cattedrale_di_san_lorenzo-dscf8048\/'><img loading=\"lazy\" decoding=\"async\" width=\"150\" height=\"150\" src=\"https:\/\/ucid.it\/sezionegenova\/wp-content\/uploads\/sites\/58\/2014\/03\/Genova-Cattedrale_di_San_Lorenzo-DSCF8048-150x150.jpg\" class=\"attachment-thumbnail size-thumbnail\" alt=\"\" \/><\/a>\n\t\t\t<\/dt><\/dl><dl class='gallery-item'>\n\t\t\t<dt class='gallery-icon landscape'>\n\t\t\t\t<a href='https:\/\/ucid.it\/sezionegenova\/2014\/03\/26\/cattedrale-di-san-lorenzo\/interno-san-lorenzo\/'><img loading=\"lazy\" decoding=\"async\" width=\"150\" height=\"150\" src=\"https:\/\/ucid.it\/sezionegenova\/wp-content\/uploads\/sites\/58\/2014\/03\/interno-san-lorenzo-150x150.jpg\" class=\"attachment-thumbnail size-thumbnail\" alt=\"\" aria-describedby=\"gallery-1-294\" \/><\/a>\n\t\t\t<\/dt>\n\t\t\t\t<dd class='wp-caption-text gallery-caption' id='gallery-1-294'>\n\t\t\t\tL&#8217;interno della Cattedrale\n\t\t\t\t<\/dd><\/dl><br style=\"clear: both\" \/>\n\t\t<\/div>\n\n<p style=\"text-align: justify\">Fonte: <a href=\"http:\/\/www.genova.chiesacattolica.it\/\" target=\"_blank\">www.genova.chiesacattolica.it<\/a><\/p>\n<p>&nbsp;<\/p>\n","protected":false},"excerpt":{"rendered":"<p>Le prime notizie certe che attestano l\u2019esistenza della Cattedrale di San Lorenzo risalgono all\u2019878, anno in cui il vescovo Sabatino predispose la traslazione delle reliquie di San Romolo. Grazie alle indagini archeologiche si \u00e8 potuta escludere la presenza in loco di edifici religiosi anteriori alla prima met\u00e0 del VI secolo. La cattedrale di San Lorenzo [&hellip;]<\/p>\n","protected":false},"author":21,"featured_media":291,"comment_status":"closed","ping_status":"closed","sticky":false,"template":"","format":"standard","meta":{"footnotes":""},"categories":[18],"tags":[],"class_list":["post-289","post","type-post","status-publish","format-standard","has-post-thumbnail","hentry","category-diocesi"],"_links":{"self":[{"href":"https:\/\/ucid.it\/sezionegenova\/wp-json\/wp\/v2\/posts\/289","targetHints":{"allow":["GET"]}}],"collection":[{"href":"https:\/\/ucid.it\/sezionegenova\/wp-json\/wp\/v2\/posts"}],"about":[{"href":"https:\/\/ucid.it\/sezionegenova\/wp-json\/wp\/v2\/types\/post"}],"author":[{"embeddable":true,"href":"https:\/\/ucid.it\/sezionegenova\/wp-json\/wp\/v2\/users\/21"}],"replies":[{"embeddable":true,"href":"https:\/\/ucid.it\/sezionegenova\/wp-json\/wp\/v2\/comments?post=289"}],"version-history":[{"count":0,"href":"https:\/\/ucid.it\/sezionegenova\/wp-json\/wp\/v2\/posts\/289\/revisions"}],"wp:featuredmedia":[{"embeddable":true,"href":"https:\/\/ucid.it\/sezionegenova\/wp-json\/wp\/v2\/media\/291"}],"wp:attachment":[{"href":"https:\/\/ucid.it\/sezionegenova\/wp-json\/wp\/v2\/media?parent=289"}],"wp:term":[{"taxonomy":"category","embeddable":true,"href":"https:\/\/ucid.it\/sezionegenova\/wp-json\/wp\/v2\/categories?post=289"},{"taxonomy":"post_tag","embeddable":true,"href":"https:\/\/ucid.it\/sezionegenova\/wp-json\/wp\/v2\/tags?post=289"}],"curies":[{"name":"wp","href":"https:\/\/api.w.org\/{rel}","templated":true}]}}