{"id":298,"date":"2014-03-26T10:27:08","date_gmt":"2014-03-26T09:27:08","guid":{"rendered":"http:\/\/ucid.it\/sezionegenova\/?p=298"},"modified":"2014-03-28T10:29:24","modified_gmt":"2014-03-28T09:29:24","slug":"s-e-card-angelo-bagnasco","status":"publish","type":"post","link":"https:\/\/ucid.it\/sezionegenova\/2014\/03\/26\/s-e-card-angelo-bagnasco\/","title":{"rendered":"S.E. Card. Angelo Bagnasco"},"content":{"rendered":"<p style=\"text-align: justify\">Sua Eminenza Reverendissima Cardinale di Santa Romana Chiesa del titolo della Gran Madre di Dio ANGELO BAGNASCO per grazia di Dio e designazione della Sede Apostolica ARCIVESCOVO METROPOLITA DI GENOVA<\/p>\n<p style=\"text-align: justify\">Abate Perpetuo di S. Siro, di S. Maria Immacolata, di S. Gerolamo di Quarto, Legato Transmarino della Sede Apostolica Gi\u00e0 Arcivescovo di Pesaro ed Ordinario Militare per l&#8217;Italia<\/p>\n<p style=\"text-align: justify\"><strong>Biografia<\/strong><br \/>\nNato a Pontevico (BS), Diocesi di Brescia, il 14 gennaio 1943, da genitori sfollati per la guerra. Il pap\u00e0, Alfredo, lavorava in una fabbrica di pasticceria; la mamma Rosa era casalinga. Ha una sorella maggiore, Anna. La famiglia, dopo la sua nascita, \u00e8 rientrata quasi subito a Genova e ha frequentato il Ginnasio ed il Liceo Classico presso il Seminario Arcivescovile di Genova. Il 29 giugno 1966 \u00e8 stato ordinato sacerdote.<br \/>\nSi \u00e8 laureato in Filosofia presso l&#8217;Universit\u00e0 Statale di Genova nel 1979.<br \/>\nDal 1966 al 1985 \u00e8 stato vicario parrocchiale in S. Pietro e S. Teresa del Bambino Ges\u00f9 in Genova. Dal 1986 al 1995 Aiuto Pastorale con compiti Diocesani.<br \/>\nDal 1980 al 1998 docente di Metafisica e Ateismo contemporaneo presso la Facolt\u00e0 Teologica dell&#8217;Italia Settentrionale, Sezione Parallela di Genova.<br \/>\nDal 1975 al 1984 docente di italiano nel Liceo Classico del Seminario.<br \/>\nDal 1980 al 1995 Assistente Diocesano della F.U.C.I (Federazione Universitari Cattolici Italiani).<br \/>\nDal 1985 al 1996 Direttore dell&#8217;Ufficio Catechistico della Diocesi e della Liguria; Delegato Regionale per la Pastorale della Scuola. Dal 1986 al 1994 Preside e Docente dell&#8217;Istituto Superiore di Scienze Religiose di Genova, con competenza per tutta la Regione Ecclesiastica Ligure. Dal 1990 al 1996 Direttore dell&#8217;Ufficio &#8220;Educazione&#8221; con il compito di formazione degli insegnanti di religione. Dal 1993 al 1996 Direttore dell&#8217;Opera Diocesana &#8220;Apostolato Liturgico&#8221;.<br \/>\nDal 1995 al 1997 Vicario Episcopale e Direttore Spirituale del Seminario Arcivescovile di Genova. Il 3 gennaio 1998 \u00e8 stato nominato Vescovo di Pesaro e l&#8217;11 marzo 2000 Arcivescovo Metropolita. Dal 2001 Presidente del Consiglio di Amministrazione del quotidiano &#8220;Avvenire&#8221;. Dal 2002 al 2005 Segretario della Commissione Episcopale della C.E.I. per l&#8217;Educazione, la Scuola e l&#8217;Universit\u00e0. Nel 2003, il 20 giugno, \u00e8 stato nominato Arcivescovo Ordinario Militare per l&#8217;Italia. Dal 2005 Segretario della Commissione Episcopale della C.E.I. per la Cultura e le Comunicazioni Sociali. Il 29 agosto 2006 \u00e8 nominato Arcivescovo Metropolita di Genova; ha preso possesso dell&#8217;Arcidiocesi nella S. Messa celebrata nella Cattedrale di San Lorenzo il 24 settembre 2006. Il 26 settembre 2006 \u00e8 stato eletto Presidente della Conferenza Episcopale Ligure. Il 7 marzo 2007 \u00e8 stato nominato dal Santo Padre Benedetto XVI Presidente della Conferenza Episcopale Italiana. Il 29 giugno 2007, nella Basilica Vaticana, ha ricevuto dal Santo Padre il pallio di Metropolita durante il pontificale dei Santi Pietro e Paolo. Il 17 ottobre 2007, il Santo Padre Benedetto XVI ha dato l&#8217;annuncio della sua elevazione alla dignit\u00e0 cardinalizia. Il 24 novembre 2007, \u00e8 stato creato Cardinale di Santa Romana Chiesa dal Santo Padre Benedetto XVI. Il 30 settembre 2011 \u00e8 stato eletto Vice Presidente del Consiglio delle Conferenze Episcopali Europee per il quinquennio 2011-2016.<br \/>\nIl 7 marzo 2012 Benedetto XVI lo ha confermato Presidente della Conferenza Episcopale Italiana per altri cinque anni.<br \/>\nIl 31 gennaio 2013 \u00e8 stato eletto Presidente del Comitato del Progetto Culturale della Chiesa italiana.<br \/>\n\u00c8 attualmente anche membro della Congregazione per le chiese orientali, della Congregazione per il Culto Divino e la Disciplina dei Sacramenti. \u00e8 Presidente della Conferenza Episcopale Ligure.<\/p>\n<p style=\"text-align: justify\">Fonte: <a href=\"http:\/\/www.genova.chiesacattolica.it\/\" target=\"_blank\">www.genova.chiesacattolica.it<\/a><\/p>\n","protected":false},"excerpt":{"rendered":"<p>Sua Eminenza Reverendissima Cardinale di Santa Romana Chiesa del titolo della Gran Madre di Dio ANGELO BAGNASCO per grazia di Dio e designazione della Sede Apostolica ARCIVESCOVO METROPOLITA DI GENOVA Abate Perpetuo di S. Siro, di S. Maria Immacolata, di S. Gerolamo di Quarto, Legato Transmarino della Sede Apostolica Gi\u00e0 Arcivescovo di Pesaro ed Ordinario [&hellip;]<\/p>\n","protected":false},"author":21,"featured_media":300,"comment_status":"closed","ping_status":"closed","sticky":false,"template":"","format":"standard","meta":{"footnotes":""},"categories":[18],"tags":[],"class_list":["post-298","post","type-post","status-publish","format-standard","has-post-thumbnail","hentry","category-diocesi"],"_links":{"self":[{"href":"https:\/\/ucid.it\/sezionegenova\/wp-json\/wp\/v2\/posts\/298","targetHints":{"allow":["GET"]}}],"collection":[{"href":"https:\/\/ucid.it\/sezionegenova\/wp-json\/wp\/v2\/posts"}],"about":[{"href":"https:\/\/ucid.it\/sezionegenova\/wp-json\/wp\/v2\/types\/post"}],"author":[{"embeddable":true,"href":"https:\/\/ucid.it\/sezionegenova\/wp-json\/wp\/v2\/users\/21"}],"replies":[{"embeddable":true,"href":"https:\/\/ucid.it\/sezionegenova\/wp-json\/wp\/v2\/comments?post=298"}],"version-history":[{"count":0,"href":"https:\/\/ucid.it\/sezionegenova\/wp-json\/wp\/v2\/posts\/298\/revisions"}],"wp:featuredmedia":[{"embeddable":true,"href":"https:\/\/ucid.it\/sezionegenova\/wp-json\/wp\/v2\/media\/300"}],"wp:attachment":[{"href":"https:\/\/ucid.it\/sezionegenova\/wp-json\/wp\/v2\/media?parent=298"}],"wp:term":[{"taxonomy":"category","embeddable":true,"href":"https:\/\/ucid.it\/sezionegenova\/wp-json\/wp\/v2\/categories?post=298"},{"taxonomy":"post_tag","embeddable":true,"href":"https:\/\/ucid.it\/sezionegenova\/wp-json\/wp\/v2\/tags?post=298"}],"curies":[{"name":"wp","href":"https:\/\/api.w.org\/{rel}","templated":true}]}}