{"id":456,"date":"2015-11-03T14:29:01","date_gmt":"2015-11-03T13:29:01","guid":{"rendered":"http:\/\/ucid.it\/sezionegenova\/?p=456"},"modified":"2015-11-03T14:33:33","modified_gmt":"2015-11-03T13:33:33","slug":"udienza-con-il-santo-padre","status":"publish","type":"post","link":"https:\/\/ucid.it\/sezionegenova\/2015\/11\/03\/udienza-con-il-santo-padre\/","title":{"rendered":"Udienza con il Santo Padre"},"content":{"rendered":"<p>Sabato 31 Ottobre presso l&#8217;Aula Paolo VI &#8211; Sala Nervi, alle ore 12.00 il Santo Padre Francesco ha ricevuto in udienza Soci, familiari ed amici dell&#8217;UCID.<\/p>\n<p><strong>Di seguito \u00e8 riportato il discorso tenuto dal Santo Padre:<\/strong><\/p>\n<p><i>Cari fratelli e sorelle, buongiorno!<\/i><\/p>\n<p>Rivolgo il mio cordiale benvenuto a tutti voi, e ringrazio il Cardinale De Giorgi e il Presidente nazionale per aver introdotto questo incontro.<\/p>\n<p>L\u2019<i>Unione Cristiana Imprenditori Dirigenti<\/i> riunisce gli imprenditori cattolici che si pongono l\u2019obiettivo di essere artefici dello sviluppo per il bene comune. Per fare questo, voi date grande importanza alla formazione cristiana, attuata soprattutto mediante l\u2019approfondimento del Magistero sociale della Chiesa. Tale impegno formativo \u00e8 il fondamento dell\u2019azione, sia quella personale, nel modo di vivere la professione, sia quella associata, nell\u2019apostolato d\u2019ambiente. Vi esorto pertanto a proseguire con entusiasmo nelle vostre attivit\u00e0 formative, per essere di fermento e di stimolo, con la parola e l\u2019esempio, nel mondo dell\u2019impresa.<\/p>\n<p>In quanto associazione ecclesiale, riconosciuta dai Vescovi, voi siete chiamati a vivere la fedelt\u00e0 alle istanze evangeliche e alla Dottrina sociale della Chiesa in famiglia, al lavoro e nella societ\u00e0. \u00c8 molto importante questa testimonianza. Per questo vi incoraggio a vivere la vostra vocazione imprenditoriale nello spirito proprio della missionariet\u00e0 laicale. Quello dell\u2019imprenditore, infatti, \u00ab\u00e8 un nobile lavoro, sempre che si lasci interrogare da un significato pi\u00f9 ampio della vita; questo gli permette di servire veramente il bene comune, con il suo sforzo di moltiplicare e rendere pi\u00f9 accessibili per tutti i beni di questo mondo\u00bb (Esort. ap. <a href=\"http:\/\/w2.vatican.va\/content\/francesco\/it\/apost_exhortations\/documents\/papa-francesco_esortazione-ap_20131124_evangelii-gaudium.html#Economia_e_distribuzione_delle_entrate\"> <i>Evangelii gaudium<\/i>, 203<\/a>).<\/p>\n<p>L\u2019impresa e l\u2019ufficio dirigenziale delle aziende possono diventare luoghi di santificazione, mediante l\u2019impegno di ciascuno a costruire rapporti fraterni tra imprenditori, dirigenti e lavoratori, favorendo la corresponsabilit\u00e0 e la collaborazione nell\u2019interesse comune. \u00c8 decisivo avere una speciale attenzione per la qualit\u00e0 della vita lavorativa dei dipendenti, che sono la risorsa pi\u00f9 preziosa di un\u2019impresa; in particolare per favorire l\u2019armonizzazione tra lavoro e famiglia. Penso in modo particolare alle lavoratrici: la sfida \u00e8 tutelare al tempo stesso sia il loro diritto ad un lavoro pienamente riconosciuto sia la loro vocazione alla maternit\u00e0 e alla presenza in famiglia. Quante volte, quante volte abbiamo sentito che una donna va dal capo e dice: \u201cDevo dirle che sono incinta\u201d &#8211; \u201cDalla fine del mese non lavori pi\u00f9\u201d. La donna dev\u2019essere custodita, aiutata in questo doppio lavoro: il diritto di lavorare e il diritto della maternit\u00e0.<b> <\/b> Qualificante \u00e8 anche la responsabilit\u00e0 delle imprese per la difesa e la cura del creato e per realizzare un \u00abprogresso, pi\u00f9 sano, pi\u00f9 umano, pi\u00f9 sociale e pi\u00f9 integrale\u00bb (Lett. enc. <a href=\"http:\/\/w2.vatican.va\/content\/francesco\/it\/encyclicals\/documents\/papa-francesco_20150524_enciclica-laudato-si.html#112.\"> <i> Laudato si\u2019<\/i>, 112<\/a>).<\/p>\n<p>Questa chiamata ad essere missionari della dimensione sociale del Vangelo nel mondo difficile e complesso del lavoro, dell\u2019economia e dell\u2019impresa, comporta anche un\u2019apertura e una vicinanza evangelica alle diverse situazioni di povert\u00e0 e di fragilit\u00e0. Si tratta, anche qui, di un atteggiamento, di uno stile con cui portare avanti i programmi di promozione e assistenza, incrementando le numerose e benemerite opere concrete di condivisione e di solidariet\u00e0 che sostenete in varie parti d\u2019Italia. Questo sar\u00e0 anche un modo a voi proprio per mettere in pratica la grazia del Giubileo della Misericordia. Qualcuno di voi potr\u00e0 dirmi: \u201cAh, padre, praticare la misericordia\u2026 facciamo un po\u2019 di beneficienza\u2026\u201d.<b> <\/b>Non basta fare assistenza, non basta<b> <\/b>fare un po\u2019 di beneficenza, questo non basta, questo forse \u00e8 il primo passo. \u00c8 necessario orientare l\u2019attivit\u00e0 economica in senso evangelico, cio\u00e8 al servizio della persona e del bene comune. In questa prospettiva siete chiamati a cooperare per far crescere uno spirito imprenditoriale di sussidiariet\u00e0, per affrontare insieme le sfide etiche e di mercato, prima fra tutte la sfida di creare buone opportunit\u00e0 di lavoro. Pensate ai giovani, credo che il 40% dei giovani qui oggi sono senza lavoro. In un altro Paese vicino, il 47; in un altro Paese vicino, pi\u00f9 del 50. Pensate ai giovani, ma siate creativi nel creare opportunit\u00e0 di lavoro che vadano avanti e diano lavoro, perch\u00e9 chi non ha lavoro non solo non porta il pane a casa ma perde la dignit\u00e0! E a tracciare questa strada contribuiscono anche le iniziative di confronto e di studio, che realizzate sul territorio.<\/p>\n<p>L\u2019impresa \u00e8 un bene di interesse comune. Per quanto essa sia un bene di propriet\u00e0 e a gestione privata, per il semplice fatto che persegue obiettivi di interesse e di rilievo generale, quali ad esempio lo sviluppo economico, l\u2019innovazione e l\u2019occupazione, andrebbe tutelata in quanto bene in s\u00e9. A questa opera di tutela sono chiamate in primo luogo le istituzioni, ma anche gli imprenditori, gli economisti, le agenzie finanziarie e bancarie e tutti i soggetti coinvolti non devono mancare di agire con competenza, onest\u00e0 e senso di responsabilit\u00e0. L\u2019economia e l\u2019impresa hanno bisogno dell\u2019etica per il loro corretto funzionamento; non di un\u2019etica qualsiasi, bens\u00ec di un\u2019etica che ponga al centro la persona e la comunit\u00e0. Oggi rinnovo a voi il mandato di impegnarvi insieme per questa finalit\u00e0; e porterete frutti nella misura in cui il Vangelo sar\u00e0 vivo e presente nei vostri cuori, nella vostra mente e nelle vostre azioni.<\/p>\n<p>Affido voi, il vostro lavoro, le vostre famiglie e i vostri dipendenti alla protezione di san Giuseppe lavoratore, il grande san Giuseppe. Invoco su ciascuno la benedizione del Signore. E vi chiedo per favore di pregare per me: vi do anche questo lavoro!<\/p>\n<p>FONTE: <a href=\"http:\/\/www.news.va\/it\/news\/allunione-cristiana-imprenditori-dirigenti-ucid-31\" target=\"_blank\">http:\/\/www.news.va\/it\/news\/allunione-cristiana-imprenditori-dirigenti-ucid-31<\/a><\/p>\n","protected":false},"excerpt":{"rendered":"<p>Sabato 31 Ottobre presso l&#8217;Aula Paolo VI &#8211; Sala Nervi, alle ore 12.00 il Santo Padre Francesco ha ricevuto in udienza Soci, familiari ed amici dell&#8217;UCID. Di seguito \u00e8 riportato il discorso tenuto dal Santo Padre: Cari fratelli e sorelle, buongiorno! Rivolgo il mio cordiale benvenuto a tutti voi, e ringrazio il Cardinale De Giorgi [&hellip;]<\/p>\n","protected":false},"author":21,"featured_media":458,"comment_status":"closed","ping_status":"closed","sticky":false,"template":"","format":"standard","meta":{"footnotes":""},"categories":[2,17,15],"tags":[],"class_list":["post-456","post","type-post","status-publish","format-standard","has-post-thumbnail","hentry","category-attivita","category-cultura","category-eventi"],"_links":{"self":[{"href":"https:\/\/ucid.it\/sezionegenova\/wp-json\/wp\/v2\/posts\/456","targetHints":{"allow":["GET"]}}],"collection":[{"href":"https:\/\/ucid.it\/sezionegenova\/wp-json\/wp\/v2\/posts"}],"about":[{"href":"https:\/\/ucid.it\/sezionegenova\/wp-json\/wp\/v2\/types\/post"}],"author":[{"embeddable":true,"href":"https:\/\/ucid.it\/sezionegenova\/wp-json\/wp\/v2\/users\/21"}],"replies":[{"embeddable":true,"href":"https:\/\/ucid.it\/sezionegenova\/wp-json\/wp\/v2\/comments?post=456"}],"version-history":[{"count":0,"href":"https:\/\/ucid.it\/sezionegenova\/wp-json\/wp\/v2\/posts\/456\/revisions"}],"wp:featuredmedia":[{"embeddable":true,"href":"https:\/\/ucid.it\/sezionegenova\/wp-json\/wp\/v2\/media\/458"}],"wp:attachment":[{"href":"https:\/\/ucid.it\/sezionegenova\/wp-json\/wp\/v2\/media?parent=456"}],"wp:term":[{"taxonomy":"category","embeddable":true,"href":"https:\/\/ucid.it\/sezionegenova\/wp-json\/wp\/v2\/categories?post=456"},{"taxonomy":"post_tag","embeddable":true,"href":"https:\/\/ucid.it\/sezionegenova\/wp-json\/wp\/v2\/tags?post=456"}],"curies":[{"name":"wp","href":"https:\/\/api.w.org\/{rel}","templated":true}]}}