{"id":658,"date":"2016-05-17T16:50:36","date_gmt":"2016-05-17T14:50:36","guid":{"rendered":"http:\/\/ucid.it\/sezionegenova\/?p=658"},"modified":"2016-05-17T16:50:36","modified_gmt":"2016-05-17T14:50:36","slug":"incontro-mensile-in-collaborazione-con-cif","status":"publish","type":"post","link":"https:\/\/ucid.it\/sezionegenova\/2016\/05\/17\/incontro-mensile-in-collaborazione-con-cif\/","title":{"rendered":"Incontro Mensile in collaborazione con CIF"},"content":{"rendered":"<p>Il consueto appuntamento mensile con il Consulente Ecclesiastico e i Soci della Sezione di Genova questo mese cambia formula.<\/p>\n<p>In virt\u00f9 infatti del coinvolgimento di Don Massimiliano Moretti, quale relatore ad un incontro organizzato dal CIF, Centro Italiano Femminile, l&#8217;incontro si terr\u00e0 mercoled\u00ec 25 maggio alle ore17,00 presso il Banco di Chiavari e della Riviera Ligure (via Garibaldi, 2) e avr\u00e0 come tema &#8220;Il bene comune tra declino e riscoperta&#8221;.<\/p>\n<p>All&#8217;incontro, oltre a Don Massimiliano Moretti parteciperanno Mirella Bozzola, Presidente CIF Comunale di Genova, Maria Rosa Biggi, Presidente CIF Regionale della Liguria, Vittoria Gallo Basteris, Presidente CIF Mascherona, Alessandra Smerilli, Docente di Economia Politica presso la Pontificia Universit\u00e0 Auxilium Roma e Maria Grazia Fasoli, Docente della Pontificia Facolt\u00e0 Teologica Marianum Roma.<\/p>\n<p>Per maggiori informazioni si pu\u00f2 contattare il CIF telefonicamente allo 010 252599 oppure via mail <a href=\"mailto:cifliguria@gmail.com\">cifliguria@gmail.com.<\/a><\/p>\n","protected":false},"excerpt":{"rendered":"<p>Il consueto appuntamento mensile con il Consulente Ecclesiastico e i Soci della Sezione di Genova questo mese cambia formula. In virt\u00f9 infatti del coinvolgimento di Don Massimiliano Moretti, quale relatore ad un incontro organizzato dal CIF, Centro Italiano Femminile, l&#8217;incontro si terr\u00e0 mercoled\u00ec 25 maggio alle ore17,00 presso il Banco di Chiavari e della Riviera [&hellip;]<\/p>\n","protected":false},"author":21,"featured_media":659,"comment_status":"closed","ping_status":"closed","sticky":false,"template":"","format":"standard","meta":{"footnotes":""},"categories":[2,17,15],"tags":[],"class_list":["post-658","post","type-post","status-publish","format-standard","has-post-thumbnail","hentry","category-attivita","category-cultura","category-eventi"],"_links":{"self":[{"href":"https:\/\/ucid.it\/sezionegenova\/wp-json\/wp\/v2\/posts\/658","targetHints":{"allow":["GET"]}}],"collection":[{"href":"https:\/\/ucid.it\/sezionegenova\/wp-json\/wp\/v2\/posts"}],"about":[{"href":"https:\/\/ucid.it\/sezionegenova\/wp-json\/wp\/v2\/types\/post"}],"author":[{"embeddable":true,"href":"https:\/\/ucid.it\/sezionegenova\/wp-json\/wp\/v2\/users\/21"}],"replies":[{"embeddable":true,"href":"https:\/\/ucid.it\/sezionegenova\/wp-json\/wp\/v2\/comments?post=658"}],"version-history":[{"count":0,"href":"https:\/\/ucid.it\/sezionegenova\/wp-json\/wp\/v2\/posts\/658\/revisions"}],"wp:featuredmedia":[{"embeddable":true,"href":"https:\/\/ucid.it\/sezionegenova\/wp-json\/wp\/v2\/media\/659"}],"wp:attachment":[{"href":"https:\/\/ucid.it\/sezionegenova\/wp-json\/wp\/v2\/media?parent=658"}],"wp:term":[{"taxonomy":"category","embeddable":true,"href":"https:\/\/ucid.it\/sezionegenova\/wp-json\/wp\/v2\/categories?post=658"},{"taxonomy":"post_tag","embeddable":true,"href":"https:\/\/ucid.it\/sezionegenova\/wp-json\/wp\/v2\/tags?post=658"}],"curies":[{"name":"wp","href":"https:\/\/api.w.org\/{rel}","templated":true}]}}