{"id":757,"date":"2016-11-29T17:49:11","date_gmt":"2016-11-29T16:49:11","guid":{"rendered":"http:\/\/ucid.it\/sezionegenova\/?p=757"},"modified":"2016-11-29T17:49:11","modified_gmt":"2016-11-29T16:49:11","slug":"santa-messa-di-natale","status":"publish","type":"post","link":"https:\/\/ucid.it\/sezionegenova\/2016\/11\/29\/santa-messa-di-natale\/","title":{"rendered":"Santa Messa di Natale"},"content":{"rendered":"<p>Mercoled\u00ec 7 dicembre alle ore 18,00 Sua Eminenza il Cardinale Angelo Bagnasco celebrer\u00e0 la Santa Messa di Natale per i Soci UCID, loro familiari ed amici.<\/p>\n<p>Nella stessa data, alle ore 17,00 Mons. Doldi terr\u00e0 un incontro sulla figura del Cardinale Siri, primo consulente ecclesiastico della UCID e sui suoi successori.<\/p>\n<p><a href=\"http:\/\/ucid.it\/sezionegenova\/wp-content\/uploads\/sites\/58\/2016\/11\/Invito_Santa-Messa-di-Natale_2016.pdf\">invito_santa-messa-di-natale_2016<\/a><\/p>\n","protected":false},"excerpt":{"rendered":"<p>Mercoled\u00ec 7 dicembre alle ore 18,00 Sua Eminenza il Cardinale Angelo Bagnasco celebrer\u00e0 la Santa Messa di Natale per i Soci UCID, loro familiari ed amici. Nella stessa data, alle ore 17,00 Mons. Doldi terr\u00e0 un incontro sulla figura del Cardinale Siri, primo consulente ecclesiastico della UCID e sui suoi successori. invito_santa-messa-di-natale_2016<\/p>\n","protected":false},"author":21,"featured_media":759,"comment_status":"closed","ping_status":"closed","sticky":false,"template":"","format":"standard","meta":{"footnotes":""},"categories":[2,15,19,16],"tags":[],"class_list":["post-757","post","type-post","status-publish","format-standard","has-post-thumbnail","hentry","category-attivita","category-eventi","category-festivita","category-sezione-genova"],"_links":{"self":[{"href":"https:\/\/ucid.it\/sezionegenova\/wp-json\/wp\/v2\/posts\/757","targetHints":{"allow":["GET"]}}],"collection":[{"href":"https:\/\/ucid.it\/sezionegenova\/wp-json\/wp\/v2\/posts"}],"about":[{"href":"https:\/\/ucid.it\/sezionegenova\/wp-json\/wp\/v2\/types\/post"}],"author":[{"embeddable":true,"href":"https:\/\/ucid.it\/sezionegenova\/wp-json\/wp\/v2\/users\/21"}],"replies":[{"embeddable":true,"href":"https:\/\/ucid.it\/sezionegenova\/wp-json\/wp\/v2\/comments?post=757"}],"version-history":[{"count":0,"href":"https:\/\/ucid.it\/sezionegenova\/wp-json\/wp\/v2\/posts\/757\/revisions"}],"wp:featuredmedia":[{"embeddable":true,"href":"https:\/\/ucid.it\/sezionegenova\/wp-json\/wp\/v2\/media\/759"}],"wp:attachment":[{"href":"https:\/\/ucid.it\/sezionegenova\/wp-json\/wp\/v2\/media?parent=757"}],"wp:term":[{"taxonomy":"category","embeddable":true,"href":"https:\/\/ucid.it\/sezionegenova\/wp-json\/wp\/v2\/categories?post=757"},{"taxonomy":"post_tag","embeddable":true,"href":"https:\/\/ucid.it\/sezionegenova\/wp-json\/wp\/v2\/tags?post=757"}],"curies":[{"name":"wp","href":"https:\/\/api.w.org\/{rel}","templated":true}]}}