{"id":783,"date":"2017-03-21T14:50:38","date_gmt":"2017-03-21T13:50:38","guid":{"rendered":"http:\/\/ucid.it\/sezionegenova\/?p=783"},"modified":"2017-03-21T14:50:38","modified_gmt":"2017-03-21T13:50:38","slug":"lucid-genova-incontra-paolo-pezzana","status":"publish","type":"post","link":"https:\/\/ucid.it\/sezionegenova\/2017\/03\/21\/lucid-genova-incontra-paolo-pezzana\/","title":{"rendered":"L&#8217;UCID Genova incontra Paolo Pezzana"},"content":{"rendered":"<p style=\"text-align: center\"><strong>Meditazione UCID Sezione di Genova<br \/>\nMarted\u00ec 28 Marzo 2017 \u2013 ore 18,30<\/strong><\/p>\n<p style=\"text-align: center\"><strong>\u201cReis \u2013 Reddito di inclusione\u201d<br \/>\nOspite: Dott. Paolo Pezzana *<br \/>\n<\/strong><\/p>\n<p>Il Reddito di inclusione, REIS, promosso e sostenuto da varie associazioni ed Enti tra cui ACLI, AC, Caritas Italia, Sindacati, Comunit\u00e0 di Sant\u2019Egidio, Banco Alimentare, Focsiv e tanti altri, \u00e8 un progetto graduale della durata di quattro anni per la sua entrata poi a regime rivolto a tutte le \u201cfamiglie\u201d in povert\u00e0 assoluta.<br \/>\nAl regime la misura necessaria prevede uno stanziamento annuale di circa 6 miliardi di euro (0,34% del PIL) con una metodologia che ha individuato interventi che permetterebbero di recuperare un insieme di risorse comprese tra i 13 ed i 18 miliardi di euro.<br \/>\nLa proposta si concentra su nuclei familiari che vivono la forma assoluta, la pi\u00f9 grave, di povert\u00e0 la cui unica strada per combatterla seriamente consiste nell\u2019introdurre un pacchetto di diritti e doveri , in una logica dove gli uni non possono prescindere dagli altri. Le famiglie cadute in povert\u00e0 assoluta hanno il diritto \u2013 garantito dalla definizione di un livello essenziale \u2013 ad una tutela pubblica e, contemporaneamente, devono compiere ogni sforzo per raggiungere il loro inserimento sociale.<br \/>\nIl progetto \u00e8 sul tavolo della politica da alcuni anni e, infatti, il percorse previsto partiva nel 2014 per andare regime \u00a0nel 2017: proprio in questi giorni sembra che l\u2019attuale Governo stia valutandone l\u2019adozione ed appare quindi il momento pi\u00f9 propizio per una nostra discussione interna.<br \/>\nNel giorno della celebrazione del 70 anniversario UCID, lo scorso 22 febbraio, ho lanciato al Presidente Nazionale Giancarlo Abete l\u2019opportunit\u00e0 che Ucid possa rientrare nei soggetti sostenitori del REIS, in virt\u00f9 di un processo che culmina nel reinserimento nel mondo del lavoro da parte di quella o quelle persone del nucleo famigliare cui il progetto \u00e8 dedicato e conseguentemente Ucid pu\u00f2, e deve avere, un ruolo nello stesso.<br \/>\nPaolo Pezzana,\u00a0 di cui sotto vedete il suo profilo, \u00e8 membro del Gruppo Scientifico del REIS, nostro concittadino ed attualmente Sindaco di Sori, ha dato la sua disponibilit\u00e0 per presentarci il progetto nel dettaglio e poter tutti insieme valutarne meglio impatto e positivit\u00e0.<\/p>\n<p><strong>*Paolo Pezzana<\/strong>: \u00e8 laureato in giurisprudenza e collaboratore dell\u2019ARC, Centre for the Anthropology of Religion and Cultural Change, presso il dipartimento di Sociologia dell\u2019Universit\u00e0 Cattolica del Sacro Cuore di Milano. Operatore Sociale e Dirigente, opera da pi\u00f9 di quindici anni nel campo della lotta alla grave emarginazione adulta ed \u00e8 stato dal 2003 al 2013, in rappresentanza della Fondazione Auxilium di Genova, Presidente Nazionale di fio.PSD, la federazione italiana degli organismi per le Persone Senza Dimora, partecipando in tale veste ai principali eventi e gruppi di lavoro sviluppati sul tema in Italia ed Europa.<br \/>\nE\u2019 stato collaboratore di Caritas Italiana e Caritas Europa e, dal 2009 al 2013, Direttore Generale di Welfare Italia Servizi srl. Collabora attualmente come consulente per processi di sviluppo, formazione, ricerca ed accompagnamento organizzativo con diversi enti pubblici e privati ed \u00e8 l\u2019attuale Sindaco di Sori.<\/p>\n","protected":false},"excerpt":{"rendered":"<p>Meditazione UCID Sezione di Genova Marted\u00ec 28 Marzo 2017 \u2013 ore 18,30 \u201cReis \u2013 Reddito di inclusione\u201d Ospite: Dott. Paolo Pezzana * Il Reddito di inclusione, REIS, promosso e sostenuto da varie associazioni ed Enti tra cui ACLI, AC, Caritas Italia, Sindacati, Comunit\u00e0 di Sant\u2019Egidio, Banco Alimentare, Focsiv e tanti altri, \u00e8 un progetto graduale [&hellip;]<\/p>\n","protected":false},"author":21,"featured_media":784,"comment_status":"open","ping_status":"open","sticky":false,"template":"","format":"standard","meta":{"footnotes":""},"categories":[3,15],"tags":[],"class_list":["post-783","post","type-post","status-publish","format-standard","has-post-thumbnail","hentry","category-attualita","category-eventi"],"_links":{"self":[{"href":"https:\/\/ucid.it\/sezionegenova\/wp-json\/wp\/v2\/posts\/783","targetHints":{"allow":["GET"]}}],"collection":[{"href":"https:\/\/ucid.it\/sezionegenova\/wp-json\/wp\/v2\/posts"}],"about":[{"href":"https:\/\/ucid.it\/sezionegenova\/wp-json\/wp\/v2\/types\/post"}],"author":[{"embeddable":true,"href":"https:\/\/ucid.it\/sezionegenova\/wp-json\/wp\/v2\/users\/21"}],"replies":[{"embeddable":true,"href":"https:\/\/ucid.it\/sezionegenova\/wp-json\/wp\/v2\/comments?post=783"}],"version-history":[{"count":0,"href":"https:\/\/ucid.it\/sezionegenova\/wp-json\/wp\/v2\/posts\/783\/revisions"}],"wp:featuredmedia":[{"embeddable":true,"href":"https:\/\/ucid.it\/sezionegenova\/wp-json\/wp\/v2\/media\/784"}],"wp:attachment":[{"href":"https:\/\/ucid.it\/sezionegenova\/wp-json\/wp\/v2\/media?parent=783"}],"wp:term":[{"taxonomy":"category","embeddable":true,"href":"https:\/\/ucid.it\/sezionegenova\/wp-json\/wp\/v2\/categories?post=783"},{"taxonomy":"post_tag","embeddable":true,"href":"https:\/\/ucid.it\/sezionegenova\/wp-json\/wp\/v2\/tags?post=783"}],"curies":[{"name":"wp","href":"https:\/\/api.w.org\/{rel}","templated":true}]}}