{"id":788,"date":"2017-04-11T14:33:06","date_gmt":"2017-04-11T12:33:06","guid":{"rendered":"http:\/\/ucid.it\/sezionegenova\/?p=788"},"modified":"2017-04-12T10:32:32","modified_gmt":"2017-04-12T08:32:32","slug":"santa-messa-di-pasqua","status":"publish","type":"post","link":"https:\/\/ucid.it\/sezionegenova\/2017\/04\/11\/santa-messa-di-pasqua\/","title":{"rendered":"Santa Messa di Pasqua"},"content":{"rendered":"<p>Gioved\u00ec 20 Aprile alle ore 18,30 nella Basilica di Santa Maria delle Vigne, S.E. Monsignor Nicol\u00f2 Anselmi celebrer\u00e0 la Santa Messa di Pasqua per i Soci di UCID, AMCI e UGCI.<\/p>\n<p><a href=\"http:\/\/ucid.it\/sezionegenova\/wp-content\/uploads\/sites\/58\/2017\/04\/2_Bozza_Pasqua_2017.jpg\"><img loading=\"lazy\" decoding=\"async\" class=\"aligncenter wp-image-791 size-medium\" src=\"http:\/\/ucid.it\/sezionegenova\/wp-content\/uploads\/sites\/58\/2017\/04\/2_Bozza_Pasqua_2017-300x143.jpg\" alt=\"\" width=\"300\" height=\"143\" srcset=\"https:\/\/ucid.it\/sezionegenova\/wp-content\/uploads\/sites\/58\/2017\/04\/2_Bozza_Pasqua_2017-300x143.jpg 300w, https:\/\/ucid.it\/sezionegenova\/wp-content\/uploads\/sites\/58\/2017\/04\/2_Bozza_Pasqua_2017-768x366.jpg 768w, https:\/\/ucid.it\/sezionegenova\/wp-content\/uploads\/sites\/58\/2017\/04\/2_Bozza_Pasqua_2017-1024x488.jpg 1024w\" sizes=\"auto, (max-width: 300px) 100vw, 300px\" \/><\/a><\/p>\n","protected":false},"excerpt":{"rendered":"<p>Gioved\u00ec 20 Aprile alle ore 18,30 nella Basilica di Santa Maria delle Vigne, S.E. Monsignor Nicol\u00f2 Anselmi celebrer\u00e0 la Santa Messa di Pasqua per i Soci di UCID, AMCI e UGCI.<\/p>\n","protected":false},"author":21,"featured_media":791,"comment_status":"closed","ping_status":"closed","sticky":false,"template":"","format":"standard","meta":{"footnotes":""},"categories":[2,15,19],"tags":[],"class_list":["post-788","post","type-post","status-publish","format-standard","has-post-thumbnail","hentry","category-attivita","category-eventi","category-festivita"],"_links":{"self":[{"href":"https:\/\/ucid.it\/sezionegenova\/wp-json\/wp\/v2\/posts\/788","targetHints":{"allow":["GET"]}}],"collection":[{"href":"https:\/\/ucid.it\/sezionegenova\/wp-json\/wp\/v2\/posts"}],"about":[{"href":"https:\/\/ucid.it\/sezionegenova\/wp-json\/wp\/v2\/types\/post"}],"author":[{"embeddable":true,"href":"https:\/\/ucid.it\/sezionegenova\/wp-json\/wp\/v2\/users\/21"}],"replies":[{"embeddable":true,"href":"https:\/\/ucid.it\/sezionegenova\/wp-json\/wp\/v2\/comments?post=788"}],"version-history":[{"count":0,"href":"https:\/\/ucid.it\/sezionegenova\/wp-json\/wp\/v2\/posts\/788\/revisions"}],"wp:featuredmedia":[{"embeddable":true,"href":"https:\/\/ucid.it\/sezionegenova\/wp-json\/wp\/v2\/media\/791"}],"wp:attachment":[{"href":"https:\/\/ucid.it\/sezionegenova\/wp-json\/wp\/v2\/media?parent=788"}],"wp:term":[{"taxonomy":"category","embeddable":true,"href":"https:\/\/ucid.it\/sezionegenova\/wp-json\/wp\/v2\/categories?post=788"},{"taxonomy":"post_tag","embeddable":true,"href":"https:\/\/ucid.it\/sezionegenova\/wp-json\/wp\/v2\/tags?post=788"}],"curies":[{"name":"wp","href":"https:\/\/api.w.org\/{rel}","templated":true}]}}