{"id":926,"date":"2019-04-24T10:37:18","date_gmt":"2019-04-24T08:37:18","guid":{"rendered":"http:\/\/ucid.it\/sezionegenova\/?p=926"},"modified":"2019-04-24T10:37:18","modified_gmt":"2019-04-24T08:37:18","slug":"1-maggio-2019-giornata-per-il-lavoro","status":"publish","type":"post","link":"https:\/\/ucid.it\/sezionegenova\/2019\/04\/24\/1-maggio-2019-giornata-per-il-lavoro\/","title":{"rendered":"1 Maggio 2019 &#8211; Giornata per il lavoro"},"content":{"rendered":"<p>L\u2019orizzonte del lavoro \u00e8 stato sintetizzato da papa Francesco in quattro aggettivi: <em>libero, creativo, partecipativo e solidale<\/em> e sviluppato in un percorso che ha coinvolto credenti e parti sociali prima e dopo la preparazione delle Settimane Sociali, contribuendo ad animare il dibattito nel paese. Siamo purtroppo lontani in molti casi da quel traguardo e da quell&#8217;orizzonte, che vede nel lavoro un\u2019opportunit\u00e0 per affermare la dignit\u00e0 della persona e la sua capacit\u00e0 di collaborare all&#8217;opera creativa di Dio.<\/p>\n<p>Si apre cos\u00ec il Messaggio della\u00a0 Commissione Episcopale per i problemi sociali, la giustizia e la pace, in vista del 1\u00b0 maggio 2019.<\/p>\n<p>\u201cLa sfida affascinante della vita del Paese (e quella su cui ci giochiamo il futuro\u00a0del lavoro) \u2013 scrivono ancora i Vescovi \u2013 pu\u00f2 essere vinta solo superando la carestia di speranza, puntando su fiducia,<br \/>\naccoglienza ed innovazione e non chiudendosi nella sterilit\u00e0 della paura e nel conflitto. Comprendendo che l\u2019altro non \u00e8 colui che mi contende una ricchezza data ma \u00e8 un dono e un\u2019occasione per costruire una\u00a0<em>torta<\/em>\u00a0pi\u00f9 grande\u201d.<\/p>\n<p>Riportiamo a questo il link <a href=\"https:\/\/lavoro.chiesacattolica.it\/wp-content\/uploads\/sites\/27\/2019\/04\/16\/Messaggio-Giornata-del-Lavoro-2019.pdf\"><strong>Messaggio<\/strong><\/a> integrale dei vescovi della Commissione pubblicato sul sito della CEI<\/p>\n","protected":false},"excerpt":{"rendered":"<p>L\u2019orizzonte del lavoro \u00e8 stato sintetizzato da papa Francesco in quattro aggettivi: libero, creativo, partecipativo e solidale e sviluppato in un percorso che ha coinvolto credenti e parti sociali prima e dopo la preparazione delle Settimane Sociali, contribuendo ad animare il dibattito nel paese. Siamo purtroppo lontani in molti casi da quel traguardo e da [&hellip;]<\/p>\n","protected":false},"author":21,"featured_media":927,"comment_status":"closed","ping_status":"closed","sticky":false,"template":"","format":"standard","meta":{"footnotes":""},"categories":[1],"tags":[],"class_list":["post-926","post","type-post","status-publish","format-standard","has-post-thumbnail","hentry","category-senza-categoria"],"_links":{"self":[{"href":"https:\/\/ucid.it\/sezionegenova\/wp-json\/wp\/v2\/posts\/926","targetHints":{"allow":["GET"]}}],"collection":[{"href":"https:\/\/ucid.it\/sezionegenova\/wp-json\/wp\/v2\/posts"}],"about":[{"href":"https:\/\/ucid.it\/sezionegenova\/wp-json\/wp\/v2\/types\/post"}],"author":[{"embeddable":true,"href":"https:\/\/ucid.it\/sezionegenova\/wp-json\/wp\/v2\/users\/21"}],"replies":[{"embeddable":true,"href":"https:\/\/ucid.it\/sezionegenova\/wp-json\/wp\/v2\/comments?post=926"}],"version-history":[{"count":0,"href":"https:\/\/ucid.it\/sezionegenova\/wp-json\/wp\/v2\/posts\/926\/revisions"}],"wp:featuredmedia":[{"embeddable":true,"href":"https:\/\/ucid.it\/sezionegenova\/wp-json\/wp\/v2\/media\/927"}],"wp:attachment":[{"href":"https:\/\/ucid.it\/sezionegenova\/wp-json\/wp\/v2\/media?parent=926"}],"wp:term":[{"taxonomy":"category","embeddable":true,"href":"https:\/\/ucid.it\/sezionegenova\/wp-json\/wp\/v2\/categories?post=926"},{"taxonomy":"post_tag","embeddable":true,"href":"https:\/\/ucid.it\/sezionegenova\/wp-json\/wp\/v2\/tags?post=926"}],"curies":[{"name":"wp","href":"https:\/\/api.w.org\/{rel}","templated":true}]}}