{"id":221,"date":"2021-07-18T11:58:44","date_gmt":"2021-07-18T09:58:44","guid":{"rendered":"https:\/\/ucid.it\/sezionelameziaterme\/?p=221"},"modified":"2021-07-18T12:08:28","modified_gmt":"2021-07-18T10:08:28","slug":"221","status":"publish","type":"post","link":"https:\/\/ucid.it\/sezionelameziaterme\/2021\/07\/18\/221\/","title":{"rendered":"RICOSTITUZIONE SEZIONE U.C.I.D. LAMEZIA TERME"},"content":{"rendered":"<p><a href=\"http:\/\/ucid.it\/sezionelameziaterme\/wp-content\/uploads\/sites\/21\/2013\/04\/image_default_post.png\"><img loading=\"lazy\" decoding=\"async\" class=\"size-medium wp-image-68 aligncenter\" src=\"http:\/\/ucid.it\/sezionelameziaterme\/wp-content\/uploads\/sites\/21\/2013\/04\/image_default_post-300x300.png\" alt=\"\" width=\"300\" height=\"300\" srcset=\"https:\/\/ucid.it\/sezionelameziaterme\/wp-content\/uploads\/sites\/21\/2013\/04\/image_default_post-300x300.png 300w, https:\/\/ucid.it\/sezionelameziaterme\/wp-content\/uploads\/sites\/21\/2013\/04\/image_default_post-150x150.png 150w, https:\/\/ucid.it\/sezionelameziaterme\/wp-content\/uploads\/sites\/21\/2013\/04\/image_default_post.png 600w\" sizes=\"auto, (max-width: 300px) 100vw, 300px\" \/><\/a><\/p>\n<p style=\"text-align: center\"><strong>RICOSTITUZIONE SEZIONE U.C.I.D. LAMEZIA TERME<\/strong><\/p>\n<p style=\"text-align: center\"><em><strong>\u00a0Unione Cristiana Imprenditori Dirigenti<\/strong><\/em><\/p>\n<p><em><strong>OGGETTO: Adempimenti Commissario straordinario. Ricostituzione Sezione UCID Lamezia\u00a0 \u00a0 \u00a0 \u00a0 \u00a0 \u00a0 \u00a0 \u00a0 \u00a0 \u00a0 \u00a0 \u00a0 \u00a0 \u00a0 \u00a0 \u00a0 \u00a0 \u00a0 \u00a0Terme.<\/strong><\/em><\/p>\n<p style=\"text-align: center\"><em><strong>IL COMMISSARIO STRAORDINARIO<\/strong><\/em><\/p>\n<p><em><strong>-Vista la nota del Segretario Regionale del Gruppo Calabria UCID datata 09 aprile 2021, con la quale \u00e8 stato nominato Commissario straordinario per la ricostituzione della Sezione UCID di Lamezia Terme Umberto Salatino nato a Curinga (CZ) il 07 febbraio 1952;<\/strong><\/em><\/p>\n<p><em><strong>-Vista la nota del Segretario Generale UCID Avv. Cristina Maldifassi (e-mail del 31 marzo c.a.) con la quale prende atto della nomina e ringrazia Umberto Salatino per aver accettato l\u2019incarico di Commissario Straordinario \u00a0per la ricostituzione della Sezione UCID di Lamezia Terme;<\/strong><\/em><\/p>\n<p><em><strong>-Vista la nota del 09 aprile 2021 sopra citata con la quale si comunicano, tra l\u2019altro, le dimissioni dell\u2019Avv. Caterina Apostoliti, gi\u00e0 Presidente della Sezione UCID di Lamezia Terme;<\/strong><\/em><\/p>\n<p><em><strong>-Rilevato che a seguito delle rassegnate dimissioni dell\u2019Avv. Caterina Apostoliti senza aver nominato altro sostituto \u00e8 venuta a determinarsi la conseguente decadenza dell\u2019organo di amministrazione;<\/strong><\/em><\/p>\n<p><em><strong>-Richiamata la medesima nota del Segretario Regionale del Gruppo Calabria, con la quale \u00e8 stato nominato e affidato al Commissario straordinario l\u2019incarico prioritario \u201ca cooperare e collaborare con il Gruppo UCID regionale per l\u2019elezione di un nuovo consiglio direttivo della Sezione di Lamezia Terme, con tutti i poteri organizzativi, gestionali ed amministrativi che detta nomina comporta\u201d;<\/strong><\/em><\/p>\n<p><em><strong>-Contattati per le vie brevi e riuniti, in data 21 maggio 2021 (giusta regolare convocazione), in video conferenza i sotto elencati signori:<\/strong><\/em><\/p>\n<p><em><strong>1) CAMPISI\u00a0 BRUNO Antonio nato a Lamezia Terme il\u00a0 17 ottobre 1998 ed ivi residente in Via B.\u00a0 \u00a0 \u00a0 \u00a0 \u00a0 \u00a0 \u00a0 Musolino, 37\u00a0 C.F.: \u00a0CMPBNN98R17M208P<\/strong><\/em><\/p>\n<p><em><strong>2) CAMPISI\u00a0 GIUSEPPE nato a Buenos Aires (RA) il 04 gennaio 1958, residente in Lamezia Terme\u00a0 \u00a0 \u00a0 \u00a0 \u00a0alla Via B. Musolino, 37\u00a0\u00a0 C.F.: CMPGPP58A04Z600M<\/strong><\/em><\/p>\n<p><em><strong>3) DE FAZIO\u00a0 ANGELA nata a Lamezia Terme il 08 novembre 1980 ed ivi residente alla Via E.\u00a0 \u00a0 \u00a0 \u00a0 \u00a0 \u00a0 \u00a0 \u00a0 \u00a0 Fermi\u00a0 \u00a0n.17, C.F.:DFZNGL80S48M208I<\/strong><\/em><\/p>\n<p><em><strong>4) DI CELLO\u00a0 ANTONIO GIOVANNI FRANCESCO, nato a Lamezia Terme\/Nicastro il 27 aprile 1955\u00a0 \u00a0 \u00a0 \u00a0 \u00a0e\u00a0 residente In Gizzeria (CZ) Frazione Lido Localit\u00e0 Maiolino Parco dei Principi, C.F.:\u00a0 \u00a0 \u00a0 \u00a0 \u00a0 \u00a0 \u00a0 \u00a0 \u00a0 \u00a0 \u00a0 \u00a0 \u00a0 \u00a0 DCLNNG55D27F888R<\/strong><\/em><\/p>\n<p><em><strong>5) MOLINARO\u00a0 FRANCESCO, nato a Curinga (CZ) il 27 gennaio 1944 ed ivi residente alla Via\u00a0 \u00a0 \u00a0 \u00a0 \u00a0 \u00a0 \u00a0 \u00a0 \u00a0 \u00a0Carducci n.21, C.F.: MLNFNC44A27D218H<\/strong><\/em><\/p>\n<p><em><strong>6) RENDA\u00a0 PIERO MARCELLO, nato a Lamezia Terme\/Sambiase il 17 novembre 1956 ed ivi\u00a0 \u00a0 \u00a0 \u00a0 \u00a0 \u00a0 \u00a0 \u00a0 \u00a0 \u00a0 \u00a0 residente alla Via Cerasolo pal. Agor\u00e0 scala 1b, C.F.: RNDPMR56S17H742E<\/strong><\/em><\/p>\n<p><em><strong>7) SALATINO\u00a0 UMBERTO, nato a Curinga (CZ) il 07 febbraio 1952 ed ivi residente alla Via A.\u00a0 \u00a0 \u00a0 \u00a0 \u00a0 \u00a0 \u00a0 \u00a0 \u00a0 \u00a0 Gramsci n.7, C.F.: SLTMRT52B07D218G<\/strong><\/em><\/p>\n<p><em><strong>8) SESTITO\u00a0 GIUSEPPE\u00a0 Via G. Marconi n.103\u00a0 88046 Lamezia Terme<\/strong><\/em><\/p>\n<p><em><strong>9) VUMBACA\u00a0 SALVATORE nato a Siderno (RC) il 22 febbraio 1959 e residente in Lamezia Terme,\u00a0 \u00a0 \u00a0 \u00a0 \u00a0alla Via Mons. Azio Davoli 129, C.F.: VMBSVT59B22I725I<\/strong><\/em><\/p>\n<p><em><strong>10) PANZARELLA PIERVINCENZO nato a Catanzaro il 29 marzo 1964 e residente in Curinga (CZ)\u00a0 \u00a0 \u00a0 \u00a0 \u00a0 \u00a0alla Via Riola n.2,\u00a0 C.F.:PNZPVN64C29C352N<\/strong><\/em><\/p>\n<p><em><strong>11) SALADINI\u00a0 ALFREDO nato a Lamezia Terme il 20 ottobre 1950 ed ivi residente alla Via\u00a0 \u00a0 \u00a0 \u00a0 \u00a0 \u00a0 \u00a0 \u00a0 \u00a0 \u00a0 \u00a0 \u00a0 \u00a0 Tramonti e Cristiano n.2<\/strong><\/em><\/p>\n<p style=\"text-align: center\"><em><strong>Mediante la presente determinazione, il Commissario straordinario stabilisce quanto segue:<\/strong><\/em><\/p>\n<p><em><strong>ART. 1 &#8211;\u00a0 E&#8217; ricostituita, tra i signori di cui sopra , l&#8217;Associazione UCID \u2013 UNIONE CRISTIANA IMPRENDITORI DIRIGENTI SEZIONE LAMEZIA TERME\u00a0 \u201c GRUPPO REGIONALE CALABRIA\u201d per brevit\u00e0 \u201c UCID \u2013 LAMEZIA TERME\u201d ;<\/strong><\/em><\/p>\n<p><em><strong>ART. 2-\u00a0 L&#8217;Associazione ha durata illimitata nel tempo;<\/strong><\/em><\/p>\n<p><em><strong>ART. 3 &#8211; L&#8217;Associazione, coerentemente con le finalit\u00e0 sancite dall&#8217;articolo 5 dello statuto della \u201cUCID Federazione Nazionale \u201c, si prefigge il perseguimento in sede provinciale \/ diocesano delle suddette medesime finalit\u00e0 e precisamente:<\/strong><\/em><\/p>\n<ol>\n<li><em><strong>a) la formazione cristiana dei suoi iscritti e lo sviluppo di una alta moralit\u00e0 professionale alla luce dei principi cristiani e della morale cattolica;<\/strong><\/em><\/li>\n<li><em><strong>b) la conoscenza, l&#8217;attuazione e la diffusione della dottrina sociale della chiesa;<\/strong><\/em><\/li>\n<li><em><strong>c) lo studio e l&#8217;attuazione di iniziative volte a conformare le loro opere ed attivit\u00e0 ai principi della dottrina sociale della chiesa e ad assicurare un&#8217;efficacia ed equa collaborazione tra i soggetti dell&#8217;impresa, ponendo la persona al centro dell&#8217;attivit\u00e0 economica, favorendo la solidariet\u00e0 contro ogni discriminazione e sviluppando la sussidiariet\u00e0;<\/strong><\/em><\/li>\n<li><em><strong>d) la testimonianza cristiana dei soci con le loro opere nelle imprese, nelle organizzazioni e nel contesto sociale.<\/strong><\/em><\/li>\n<\/ol>\n<p><em><strong>ART. 4 &#8211; L&#8217;Associazione rimane regolata dallo statuto gi\u00e0 in vigore.<\/strong><\/em><\/p>\n<p><em><strong>ART. 5 &#8211; Secondo \u00a0quanto stabilito dai componenti l\u2019Associazione, per il primo mandato, il Consiglio Direttivo \u00e8 composto da 7 ( sette ) membri e vengono nominati a farne parte i signori :<\/strong><\/em><\/p>\n<p><em><strong>Umberto Salatino\u00a0\u00a0\u00a0 \u00a0\u00a0\u00a0\u00a0\u00a0\u00a0Presidente;<\/strong><\/em><\/p>\n<p><em><strong>Antonio Di Cello\u00a0\u00a0\u00a0\u00a0\u00a0\u00a0\u00a0\u00a0 \u00a0\u00a0\u00a0Vice presidente, con delega \u201cgruppo giovani\u201d;<\/strong><\/em><\/p>\n<p><em><strong>Angela De Fazio \u00a0\u00a0\u00a0\u00a0\u00a0\u00a0\u00a0\u00a0\u00a0\u00a0\u00a0\u00a0Segretario- Tesoriere;<\/strong><\/em><\/p>\n<p><em><strong>Piero Renda\u00a0\u00a0\u00a0\u00a0\u00a0\u00a0\u00a0\u00a0\u00a0\u00a0\u00a0\u00a0\u00a0\u00a0\u00a0\u00a0\u00a0\u00a0\u00a0 Componente;<\/strong><\/em><\/p>\n<p><em><strong>Alfredo Saladini \u00a0\u00a0\u00a0\u00a0\u00a0\u00a0\u00a0\u00a0\u00a0\u00a0\u00a0\u00a0Componente;<\/strong><\/em><\/p>\n<p><em><strong>Salvatore Vumbaca \u00a0\u00a0\u00a0\u00a0\u00a0\u00a0Componente;<\/strong><\/em><\/p>\n<p><em><strong>Giuseppe Campisi \u00a0\u00a0\u00a0\u00a0\u00a0\u00a0\u00a0\u00a0Componente;<\/strong><\/em><\/p>\n<p><em><strong>Le quote associative annuali verranno determinate dal Consiglio Direttivo con apposita delibera in linea con le direttive nazionali.<\/strong><\/em><\/p>\n<p><em><strong>Ai sensi e per gli effetti dello statuto, l&#8217;Assemblea ordinaria nominer\u00e0 il collegio dei probiviri dopo la ratifica da parte del Vescovo di Lamezia Terme.<\/strong><\/em><\/p>\n<p><em><strong>Il presente decreto, sar\u00e0 inviato a:<\/strong><\/em><\/p>\n<ol>\n<li><em><strong>E. Mons. Giuseppe Schillaci -Vescovo di Lamezia Terme<\/strong><\/em><\/li>\n<li><em><strong>ssa Cristina Maldifassi- Segretario Generale UCID<\/strong><\/em><\/li>\n<li><em><strong>Francesco Augurusa &#8211; Segretario Gruppo Regionale Calabria<\/strong><\/em><\/li>\n<li><em><strong>Fabio Stanizzo &#8211; Assistente Spirituale<\/strong><\/em><\/li>\n<\/ol>\n<p>&nbsp;<\/p>\n<p><em><strong>Il Commissario straordinario<\/strong><\/em><\/p>\n<p><em><strong>Umberto Salatino<\/strong><\/em><\/p>\n<p>&nbsp;<\/p>\n","protected":false},"excerpt":{"rendered":"<p>RICOSTITUZIONE SEZIONE U.C.I.D. LAMEZIA TERME \u00a0Unione Cristiana Imprenditori Dirigenti OGGETTO: Adempimenti Commissario straordinario. Ricostituzione Sezione UCID Lamezia\u00a0 \u00a0 \u00a0 \u00a0 \u00a0 \u00a0 \u00a0 \u00a0 \u00a0 \u00a0 \u00a0 \u00a0 \u00a0 \u00a0 \u00a0 \u00a0 \u00a0 \u00a0 \u00a0Terme. IL COMMISSARIO STRAORDINARIO -Vista la nota del Segretario Regionale del Gruppo Calabria UCID datata 09 aprile 2021, con la quale [&hellip;]<\/p>\n","protected":false},"author":210,"featured_media":0,"comment_status":"open","ping_status":"open","sticky":false,"template":"","format":"standard","meta":{"footnotes":""},"categories":[2],"tags":[],"class_list":["post-221","post","type-post","status-publish","format-standard","hentry","category-attivita"],"_links":{"self":[{"href":"https:\/\/ucid.it\/sezionelameziaterme\/wp-json\/wp\/v2\/posts\/221","targetHints":{"allow":["GET"]}}],"collection":[{"href":"https:\/\/ucid.it\/sezionelameziaterme\/wp-json\/wp\/v2\/posts"}],"about":[{"href":"https:\/\/ucid.it\/sezionelameziaterme\/wp-json\/wp\/v2\/types\/post"}],"author":[{"embeddable":true,"href":"https:\/\/ucid.it\/sezionelameziaterme\/wp-json\/wp\/v2\/users\/210"}],"replies":[{"embeddable":true,"href":"https:\/\/ucid.it\/sezionelameziaterme\/wp-json\/wp\/v2\/comments?post=221"}],"version-history":[{"count":0,"href":"https:\/\/ucid.it\/sezionelameziaterme\/wp-json\/wp\/v2\/posts\/221\/revisions"}],"wp:attachment":[{"href":"https:\/\/ucid.it\/sezionelameziaterme\/wp-json\/wp\/v2\/media?parent=221"}],"wp:term":[{"taxonomy":"category","embeddable":true,"href":"https:\/\/ucid.it\/sezionelameziaterme\/wp-json\/wp\/v2\/categories?post=221"},{"taxonomy":"post_tag","embeddable":true,"href":"https:\/\/ucid.it\/sezionelameziaterme\/wp-json\/wp\/v2\/tags?post=221"}],"curies":[{"name":"wp","href":"https:\/\/api.w.org\/{rel}","templated":true}]}}