{"id":391,"date":"2022-06-08T14:26:25","date_gmt":"2022-06-08T12:26:25","guid":{"rendered":"https:\/\/ucid.it\/sezionelecco\/?p=391"},"modified":"2022-06-08T14:42:35","modified_gmt":"2022-06-08T12:42:35","slug":"le-nostre-vite-e-linvasione-russa-dellucraina-27-giugno-2022-lecco","status":"publish","type":"post","link":"https:\/\/ucid.it\/sezionelecco\/2022\/06\/08\/le-nostre-vite-e-linvasione-russa-dellucraina-27-giugno-2022-lecco\/","title":{"rendered":"Le nostre vite e l&#8217;invasione russa dell&#8217;Ucraina.27 Giugno 2022, Lecco"},"content":{"rendered":"<p><img loading=\"lazy\" decoding=\"async\" class=\"alignnone size-medium wp-image-392\" src=\"http:\/\/ucid.it\/sezionelecco\/wp-content\/uploads\/sites\/134\/2022\/06\/foto-Geninazzi-Russia-Ucraina-27062022-300x160.png\" alt=\"\" width=\"300\" height=\"160\" srcset=\"https:\/\/ucid.it\/sezionelecco\/wp-content\/uploads\/sites\/134\/2022\/06\/foto-Geninazzi-Russia-Ucraina-27062022-300x160.png 300w, https:\/\/ucid.it\/sezionelecco\/wp-content\/uploads\/sites\/134\/2022\/06\/foto-Geninazzi-Russia-Ucraina-27062022-1024x547.png 1024w, https:\/\/ucid.it\/sezionelecco\/wp-content\/uploads\/sites\/134\/2022\/06\/foto-Geninazzi-Russia-Ucraina-27062022-768x411.png 768w, https:\/\/ucid.it\/sezionelecco\/wp-content\/uploads\/sites\/134\/2022\/06\/foto-Geninazzi-Russia-Ucraina-27062022.png 1356w\" sizes=\"auto, (max-width: 300px) 100vw, 300px\" \/> <img loading=\"lazy\" decoding=\"async\" class=\"alignnone size-medium wp-image-393\" src=\"http:\/\/ucid.it\/sezionelecco\/wp-content\/uploads\/sites\/134\/2022\/06\/foto-preghiera-Pace-27062022-300x173.png\" alt=\"\" width=\"300\" height=\"173\" srcset=\"https:\/\/ucid.it\/sezionelecco\/wp-content\/uploads\/sites\/134\/2022\/06\/foto-preghiera-Pace-27062022-300x173.png 300w, https:\/\/ucid.it\/sezionelecco\/wp-content\/uploads\/sites\/134\/2022\/06\/foto-preghiera-Pace-27062022-1024x590.png 1024w, https:\/\/ucid.it\/sezionelecco\/wp-content\/uploads\/sites\/134\/2022\/06\/foto-preghiera-Pace-27062022-768x443.png 768w, https:\/\/ucid.it\/sezionelecco\/wp-content\/uploads\/sites\/134\/2022\/06\/foto-preghiera-Pace-27062022.png 1187w\" sizes=\"auto, (max-width: 300px) 100vw, 300px\" \/><\/p>\n<p>&#8220;Le nostre vite e l&#8217;invasione russa dell&#8217;Ucraina&#8221;<\/p>\n<p>con il giornalista Luigi Geninazzi e Mons. Davide Milani<\/p>\n<p>Preghiera, incontro, colloquio e cena insieme, 27 Giugno 2022, Lecco<\/p>\n<p>h. 18,30 S. Messa e preghiera per la Pace in S. Marta<\/p>\n<p>h. 19,30 ritrovo al ristorante \u00a0&#8220;da Giovannino&#8221; a Malgrate<\/p>\n<p>Cena insieme, colloquio e domande.<\/p>\n<p>(Chi non potr\u00e0 partecipare alla S.Messa potr\u00e0 unirsi spiritualmente con la preghiera).<\/p>\n<p>Iscrizioni: ucid.lecco@gmail.com<\/p>\n<p><a href=\"http:\/\/ucid.it\/sezionelecco\/wp-content\/uploads\/sites\/134\/2022\/06\/Geninazzi-RUSSIA-UCRAINA-27062022.pdf\">Geninazzi RUSSIA UCRAINA 27062022<\/a> \u00a0\u00a0 <a href=\"http:\/\/ucid.it\/sezionelecco\/wp-content\/uploads\/sites\/134\/2022\/06\/Preghiera-Pace-27062022.pdf\">Preghiera Pace 27062022<\/a><\/p>\n<p>LUIGI GENINAZZI<br \/>\nGiornalista e scrittore, \u00e8 esperto di politica internazionale. Come inviato, dapprima per il settimanale Il Sabato e poi per il quotidiano Avvenire, negli ultimi quarant\u2019anni \u00e8 stato praticamente in tutte le aree &#8220;calde&#8221; del mondo, dal Centro America al Sud-Est asiatico, dal Medio Oriente al Sudafrica, ma ha sempre rivolto una particolare attenzione all&#8217;Europa dell&#8217;Est. Corrispondente a Varsavia negli anni Ottanta e poi a Mosca all&#8217;inizio degli anni Novanta, Geninazzi \u00e8 stato un osservatore attento e appassionato delle rivoluzioni democratiche nei Paesi comunisti. Era a Berlino quando \u00e8 caduto il Muro, a Bucarest quando \u00e8 stato ucciso il dittatore Ceausescu, a Mosca quando croll\u00f2 l&#8217;Unione Sovietica. Ha incontrato pi\u00f9 volte Giovanni Paolo II in Vaticano e nei suoi viaggi pastorali. Ha seguito sul campo le guerre degli ultimi quindici anni. Nel 1999 quella del Kosovo, rimanendo a Pristina e quindi a Belgrado durante i 78 giorni di bombardamenti della Nato. Nell&#8217;autunno del 2001 \u00e8 stato in Afghanistan insieme con i mujaheddin dell&#8217;Alleanza del nord in marcia verso Kabul. Nella primavera del 2003 ha seguito la guerra in Iraq.\u00a0\u00c8 stato pi\u00f9 volte in Israele e Palestina dove \u00e8 stato testimone delle vicende sanguinose dell\u2019Intifada e della guerra col Libano nel 2006. Era in Georgia nel 2008 quando ci fu la guerra con la Russia. Nel 2011 era al Cairo in piazza Tahrir, culla della \u201cprimavera araba\u201d. Per il suo lavoro giornalistico Geninazzi ha ricevuto vari premi. Il pi\u00f9 prestigioso l\u2019ha ottenuto per i suoi reportages su Solidarnosc che la Polonia ha voluto premiare conferendogli la Croce di Grand&#8217;Ufficiale della Repubblica, uno dei pi\u00f9 alti riconoscimenti assegnati da Varsavia ad un cittadino straniero.<\/p>\n<p>&nbsp;<\/p>\n","protected":false},"excerpt":{"rendered":"<p>&#8220;Le nostre vite e l&#8217;invasione russa dell&#8217;Ucraina&#8221; con il giornalista Luigi Geninazzi e Mons. Davide Milani Preghiera, incontro, colloquio e cena insieme, 27 Giugno 2022, Lecco h. 18,30 S. Messa e preghiera per la Pace in S. Marta h. 19,30 ritrovo al ristorante \u00a0&#8220;da Giovannino&#8221; a Malgrate Cena insieme, colloquio e domande. (Chi non potr\u00e0 [&hellip;]<\/p>\n","protected":false},"author":206,"featured_media":0,"comment_status":"closed","ping_status":"open","sticky":false,"template":"","format":"standard","meta":{"footnotes":""},"categories":[1],"tags":[],"class_list":["post-391","post","type-post","status-publish","format-standard","hentry","category-senza-categoria"],"_links":{"self":[{"href":"https:\/\/ucid.it\/sezionelecco\/wp-json\/wp\/v2\/posts\/391","targetHints":{"allow":["GET"]}}],"collection":[{"href":"https:\/\/ucid.it\/sezionelecco\/wp-json\/wp\/v2\/posts"}],"about":[{"href":"https:\/\/ucid.it\/sezionelecco\/wp-json\/wp\/v2\/types\/post"}],"author":[{"embeddable":true,"href":"https:\/\/ucid.it\/sezionelecco\/wp-json\/wp\/v2\/users\/206"}],"replies":[{"embeddable":true,"href":"https:\/\/ucid.it\/sezionelecco\/wp-json\/wp\/v2\/comments?post=391"}],"version-history":[{"count":0,"href":"https:\/\/ucid.it\/sezionelecco\/wp-json\/wp\/v2\/posts\/391\/revisions"}],"wp:attachment":[{"href":"https:\/\/ucid.it\/sezionelecco\/wp-json\/wp\/v2\/media?parent=391"}],"wp:term":[{"taxonomy":"category","embeddable":true,"href":"https:\/\/ucid.it\/sezionelecco\/wp-json\/wp\/v2\/categories?post=391"},{"taxonomy":"post_tag","embeddable":true,"href":"https:\/\/ucid.it\/sezionelecco\/wp-json\/wp\/v2\/tags?post=391"}],"curies":[{"name":"wp","href":"https:\/\/api.w.org\/{rel}","templated":true}]}}