{"id":410,"date":"2022-09-08T22:27:53","date_gmt":"2022-09-08T20:27:53","guid":{"rendered":"https:\/\/ucid.it\/sezionelecco\/?p=410"},"modified":"2022-09-08T22:27:53","modified_gmt":"2022-09-08T20:27:53","slug":"il-futuro-tecno-umano-che-costruiremo","status":"publish","type":"post","link":"https:\/\/ucid.it\/sezionelecco\/2022\/09\/08\/il-futuro-tecno-umano-che-costruiremo\/","title":{"rendered":"IL FUTURO TECNO-UMANO CHE COSTRUIREMO"},"content":{"rendered":"<p>Sabato 1 Ottobre 2022, h.10,00<\/p>\n<p>Aula Magna Liceo Manzoni, Lecco, Via XI Febbraio 8<\/p>\n<p>Prof. MARKUS KRIENKE, Professore di Filosofia Moderna e Etica Sociale, Universit\u00e0 di Lugano<\/p>\n<p>ETICA e INTELLIGENZA ARTIFICIALE, TRASFORMAZIONE DIGITALE DEL LAVORO:<\/p>\n<p>IL FUTURO TECNO-UMANO CHE COSTRUIREMO.<\/p>\n<p>Il cambiamento della nostra societ\u00e0 e le domande del futuro sono strettamente connessi con lo sviluppo di nuove tecnologie (intelligenza artificiale, tecnologie digitali): fino a che punto potranno sostituire l\u2019essere umano e cosa significa ci\u00f2 per i nostri rapporti sociali e per il mondo del lavoro?<\/p>\n<div dir=\"auto\">L&#8217;incontro fa parte di un Progetto formativo, che sar\u00e0 presentato lo stesso giorno, che coinvolger\u00e0 le classi degli ultimi due anni delle Scuole Secondarie di Secondo grado di Lecco e Provincia e vedr\u00e0 come testimoni gli stessi Soci UCID.<\/div>\n<div dir=\"auto\">Il Progetto, costruito con i Docenti delle stesse Scuole, \u00e8 sostenuto da partner del territorio che saranno presentati non appena l&#8217;intero Progetto sar\u00e0 definito in tutti i dettagli.<\/div>\n<p>&nbsp;<\/p>\n","protected":false},"excerpt":{"rendered":"<p>Sabato 1 Ottobre 2022, h.10,00 Aula Magna Liceo Manzoni, Lecco, Via XI Febbraio 8 Prof. MARKUS KRIENKE, Professore di Filosofia Moderna e Etica Sociale, Universit\u00e0 di Lugano ETICA e INTELLIGENZA ARTIFICIALE, TRASFORMAZIONE DIGITALE DEL LAVORO: IL FUTURO TECNO-UMANO CHE COSTRUIREMO. Il cambiamento della nostra societ\u00e0 e le domande del futuro sono strettamente connessi con lo [&hellip;]<\/p>\n","protected":false},"author":206,"featured_media":0,"comment_status":"closed","ping_status":"open","sticky":false,"template":"","format":"standard","meta":{"footnotes":""},"categories":[1],"tags":[],"class_list":["post-410","post","type-post","status-publish","format-standard","hentry","category-senza-categoria"],"_links":{"self":[{"href":"https:\/\/ucid.it\/sezionelecco\/wp-json\/wp\/v2\/posts\/410","targetHints":{"allow":["GET"]}}],"collection":[{"href":"https:\/\/ucid.it\/sezionelecco\/wp-json\/wp\/v2\/posts"}],"about":[{"href":"https:\/\/ucid.it\/sezionelecco\/wp-json\/wp\/v2\/types\/post"}],"author":[{"embeddable":true,"href":"https:\/\/ucid.it\/sezionelecco\/wp-json\/wp\/v2\/users\/206"}],"replies":[{"embeddable":true,"href":"https:\/\/ucid.it\/sezionelecco\/wp-json\/wp\/v2\/comments?post=410"}],"version-history":[{"count":0,"href":"https:\/\/ucid.it\/sezionelecco\/wp-json\/wp\/v2\/posts\/410\/revisions"}],"wp:attachment":[{"href":"https:\/\/ucid.it\/sezionelecco\/wp-json\/wp\/v2\/media?parent=410"}],"wp:term":[{"taxonomy":"category","embeddable":true,"href":"https:\/\/ucid.it\/sezionelecco\/wp-json\/wp\/v2\/categories?post=410"},{"taxonomy":"post_tag","embeddable":true,"href":"https:\/\/ucid.it\/sezionelecco\/wp-json\/wp\/v2\/tags?post=410"}],"curies":[{"name":"wp","href":"https:\/\/api.w.org\/{rel}","templated":true}]}}