{"id":556,"date":"2024-03-07T19:34:04","date_gmt":"2024-03-07T18:34:04","guid":{"rendered":"https:\/\/ucid.it\/sezionelecco\/?p=556"},"modified":"2024-03-07T19:34:04","modified_gmt":"2024-03-07T18:34:04","slug":"festival-del-bene-comune-lombardia-8-3-2024-1-edizione","status":"publish","type":"post","link":"https:\/\/ucid.it\/sezionelecco\/2024\/03\/07\/festival-del-bene-comune-lombardia-8-3-2024-1-edizione\/","title":{"rendered":"FESTIVAL del BENE COMUNE LOMBARDIA , 8\/3\/2024, 1^ edizione."},"content":{"rendered":"<p>Organizzato da Gruppo Lombardo di UCID<\/p>\n<p>Il cambiamento \u00e8 un processo, non un evento.<\/p>\n<p>Non avviene improvvisamente n\u00e9 \u00e8 merito di qualcuno esterno a noi.<\/p>\n<p>CONDIVIDERE PERCORSI &#8211; UNIRE FILI -REALIZZARE PROGETTI<\/p>\n<p>LA PERSONA AL CENTRO<\/p>\n<p>IL BENE COMUNE<\/p>\n<p>SOLIDARIETA&#8217;<\/p>\n<p>SVILUPPO<\/p>\n<p>SUSSIDIARIETA&#8217;<\/p>\n<p>Opiquad Arena di Monza, h. 17,00, 8\/3\/2024<\/p>\n<p><img loading=\"lazy\" decoding=\"async\" class=\"alignnone size-medium wp-image-557\" src=\"http:\/\/ucid.it\/sezionelecco\/wp-content\/uploads\/sites\/134\/2024\/03\/Save-the-date-FBCL-2024-foto-300x151.jpg\" alt=\"\" width=\"300\" height=\"151\" srcset=\"https:\/\/ucid.it\/sezionelecco\/wp-content\/uploads\/sites\/134\/2024\/03\/Save-the-date-FBCL-2024-foto-300x151.jpg 300w, https:\/\/ucid.it\/sezionelecco\/wp-content\/uploads\/sites\/134\/2024\/03\/Save-the-date-FBCL-2024-foto-1024x515.jpg 1024w, https:\/\/ucid.it\/sezionelecco\/wp-content\/uploads\/sites\/134\/2024\/03\/Save-the-date-FBCL-2024-foto-768x386.jpg 768w, https:\/\/ucid.it\/sezionelecco\/wp-content\/uploads\/sites\/134\/2024\/03\/Save-the-date-FBCL-2024-foto.jpg 1388w\" sizes=\"auto, (max-width: 300px) 100vw, 300px\" \/><\/p>\n","protected":false},"excerpt":{"rendered":"<p>Organizzato da Gruppo Lombardo di UCID Il cambiamento \u00e8 un processo, non un evento. Non avviene improvvisamente n\u00e9 \u00e8 merito di qualcuno esterno a noi. CONDIVIDERE PERCORSI &#8211; UNIRE FILI -REALIZZARE PROGETTI LA PERSONA AL CENTRO IL BENE COMUNE SOLIDARIETA&#8217; SVILUPPO SUSSIDIARIETA&#8217; Opiquad Arena di Monza, h. 17,00, 8\/3\/2024<\/p>\n","protected":false},"author":206,"featured_media":0,"comment_status":"closed","ping_status":"open","sticky":false,"template":"","format":"standard","meta":{"footnotes":""},"categories":[1],"tags":[],"class_list":["post-556","post","type-post","status-publish","format-standard","hentry","category-senza-categoria"],"_links":{"self":[{"href":"https:\/\/ucid.it\/sezionelecco\/wp-json\/wp\/v2\/posts\/556","targetHints":{"allow":["GET"]}}],"collection":[{"href":"https:\/\/ucid.it\/sezionelecco\/wp-json\/wp\/v2\/posts"}],"about":[{"href":"https:\/\/ucid.it\/sezionelecco\/wp-json\/wp\/v2\/types\/post"}],"author":[{"embeddable":true,"href":"https:\/\/ucid.it\/sezionelecco\/wp-json\/wp\/v2\/users\/206"}],"replies":[{"embeddable":true,"href":"https:\/\/ucid.it\/sezionelecco\/wp-json\/wp\/v2\/comments?post=556"}],"version-history":[{"count":0,"href":"https:\/\/ucid.it\/sezionelecco\/wp-json\/wp\/v2\/posts\/556\/revisions"}],"wp:attachment":[{"href":"https:\/\/ucid.it\/sezionelecco\/wp-json\/wp\/v2\/media?parent=556"}],"wp:term":[{"taxonomy":"category","embeddable":true,"href":"https:\/\/ucid.it\/sezionelecco\/wp-json\/wp\/v2\/categories?post=556"},{"taxonomy":"post_tag","embeddable":true,"href":"https:\/\/ucid.it\/sezionelecco\/wp-json\/wp\/v2\/tags?post=556"}],"curies":[{"name":"wp","href":"https:\/\/api.w.org\/{rel}","templated":true}]}}