{"id":1505,"date":"2020-06-04T14:32:14","date_gmt":"2020-06-04T14:32:14","guid":{"rendered":"http:\/\/ucid.it\/sezionepadova\/?p=1505"},"modified":"2020-06-04T14:38:33","modified_gmt":"2020-06-04T14:38:33","slug":"cattolici-e-politica-un-rapporto-logorato","status":"publish","type":"post","link":"https:\/\/ucid.it\/sezionepadova\/2020\/06\/04\/cattolici-e-politica-un-rapporto-logorato\/","title":{"rendered":"\u00ab CATTOLICI E POLITICA: UN RAPPORTO LOGORATO\u00bb."},"content":{"rendered":"<p><a href=\"http:\/\/ucid.it\/sezionepadova\/wp-content\/uploads\/sites\/115\/2020\/06\/invito-2020-06-10-1-1.pdf\">invito 2020-06-10<\/a> <a href=\"http:\/\/ucid.it\/sezionepadova\/wp-content\/uploads\/sites\/115\/2020\/06\/invito-2020-06-10-_page-0001-1.jpg\"><img loading=\"lazy\" decoding=\"async\" class=\"alignleft size-medium wp-image-1512\" src=\"http:\/\/ucid.it\/sezionepadova\/wp-content\/uploads\/sites\/115\/2020\/06\/invito-2020-06-10-_page-0001-1-300x212.jpg\" alt=\"\" width=\"300\" height=\"212\" srcset=\"https:\/\/ucid.it\/sezionepadova\/wp-content\/uploads\/sites\/115\/2020\/06\/invito-2020-06-10-_page-0001-1-300x212.jpg 300w, https:\/\/ucid.it\/sezionepadova\/wp-content\/uploads\/sites\/115\/2020\/06\/invito-2020-06-10-_page-0001-1-1024x724.jpg 1024w, https:\/\/ucid.it\/sezionepadova\/wp-content\/uploads\/sites\/115\/2020\/06\/invito-2020-06-10-_page-0001-1-768x543.jpg 768w, https:\/\/ucid.it\/sezionepadova\/wp-content\/uploads\/sites\/115\/2020\/06\/invito-2020-06-10-_page-0001-1-1536x1085.jpg 1536w, https:\/\/ucid.it\/sezionepadova\/wp-content\/uploads\/sites\/115\/2020\/06\/invito-2020-06-10-_page-0001-1.jpg 1755w\" sizes=\"auto, (max-width: 300px) 100vw, 300px\" \/><\/a><\/p>\n<p><strong><u>COMUNICATO STAMPA<\/u><\/strong><\/p>\n<p>Padova, 4 giugno\u00a0 2020<\/p>\n<p>Prosegue il programma di incontri organizzato da <strong>UCID Sezione di Padova, secondo un calendario di iniziative <\/strong>aperte ai Soci, simpatizzanti e a quanti desiderino condividere le riflessioni proposte. Anche il prossimo appuntamento si svolger\u00e0 utilizzando le nuove modalit\u00e0 comunicative imposte dal distanziamento sociale, vale a dire attraverso le piattaforme digitali che hanno comunque consentito, in questi lunghi mesi, di mantenere le relazioni sociali.<\/p>\n<p><strong>Mercoled\u00ec 10 giugno p.v. alle ore 18.30, in videoconferenza<\/strong> <strong>sulla piattaforma Zoom, <\/strong>il prossimo incontro, sul tema <strong><em>\u00abCATTOLICI E POLITICA: UN RAPPORTO LOGORATO\u00bb<\/em><\/strong><em>, <\/em><strong>(\u00e8 richiesta l\u2019iscrizione; il link per accedere verr\u00e0 inviato agli iscritti il giorno 9 giugno).<\/strong><\/p>\n<p>\u00ab<em>Con questo evento \u2013<\/em> afferma<strong> Massimo D\u2019Onofrio, Presidente UCID Padova<\/strong> \u2013 <em>affrontiamo un tema delicato che, nonostante un ampio potenziale d\u2019interesse, \u00e8 terreno di riflessione riservato ad una ristretta schiera di addetti ai lavori, mentre negli altri suscita reazioni che vanno dall\u2019indifferenza al sospetto. Siamo convinti che possa essere un percorso utile almeno sotto il profilo storico e sociale cercare di capire, per esempio, quali sono i motivi per cui si \u00e8 chiusa una stagione durata pi\u00f9 di 50 anni; chi sono i cattolici oggi; il rapporto fra fede e politica<\/em><em>.\u00bb<\/em><\/p>\n<p>Ne parleremo con il Professor <strong>Alessandro Castegnaro<\/strong>, <strong>sociologo, Presidente dell\u2019Osservatorio <\/strong><strong>Socio-Religioso Triveneto, animatore Forum di Limena<\/strong>. Essendo temi che si prestano a soggettivit\u00e0 e dunque ad un perimetro variabile, molto ci si attende dal contributo di ciascun partecipante.<\/p>\n<p><em>\u00ab<\/em><em>Il contributo che nel dopoguerra, e per un lungo periodo, i cattolici hanno dato alla crescita democratica del Paese \u00e8 difficilmente sottovalutabile \u2013 <\/em>spiega il sociologo <strong>Alessandro Castegnaro<\/strong> \u2013. <em>Da poco meno di tre decenni questo apporto \u00e8 andato eclissandosi. Tutto ci\u00f2 \u00e8 avvenuto mentre nel Paese si manifestava un deterioramento del quadro istituzionale\u2026Oggi \u00e8 prevalsa l\u2019idea che non vi sia alcun genere di legame tra ispirazione evangelica e giudizi politici e che quindi non sia compito delle comunit\u00e0 cristiane educare alla politica\u2026<\/em><em> \u00e8 necessario superare resistenze e imbarazzi e ritornare a riflettere sui motivi ed il senso del proprio impegno civile.<\/em><em>\u00bb<\/em><\/p>\n<p><strong><u>Inizio collegamento ore 18.30<\/u><\/strong><\/p>\n<p>Saluti di <strong>MASSIMO D\u2019ONOFRIO,<\/strong> Presidente UCID Padova<\/p>\n<p>Relatore: <strong>ALESSANDRO CASTEGNARO*, <\/strong>sociologo, Presidente dell&#8217;Osservatorio Socio-Religioso Triveneto, animatore Forum di Limena.<\/p>\n<p>\u00c8\u00a0 necessaria la conferma della partecipazione a <a href=\"mailto:ucidpadova@gmail.com\">uc<\/a><a href=\"mailto:ucidpadova@gmail.com\">i<\/a><a href=\"mailto:ucidpadova@gmail.com\">dpadova@g<\/a><a href=\"mailto:ucidpadova@gmail.com\">m<\/a><a href=\"mailto:ucidpadova@gmail.com\">a<\/a><a href=\"mailto:ucidpadova@gmail.com\">il<\/a><a href=\"mailto:ucidpadova@gmail.com\">.com<\/a>. La piattaforma \u00e8 scaricabile dal seguente indirizzo: <a href=\"https:\/\/zoom.us\/support\/download\">https:\/\/zoom.us\/support\/download<\/a><\/p>\n<p><strong>Le credenziali per accedere saranno inviate via mail a quanti confermeranno la propria adesione, il giorno prima dell\u2019incontro.<\/strong><\/p>\n<p><strong>\u00a0<\/strong><strong>* ALESSANDRO CASTEGNARO &#8211;<\/strong> Sociologo, ricercatore, ha fatto parte del Consiglio Scientifico della sezione di Sociologia della Religione dell\u2019associazione italiana di sociologia. \u00c8 Presidente dell&#8217;Osservatorio Socio-Religioso Triveneto, istituto di ricerca promosso dalla Conferenza Episcopale Triveneta, e moderatore del Forum di Limena. \u00c8 stato consulente della Conferenza Episcopale Italiana per i problemi sociali e del lavoro e per l\u2019insegnamento della Religione cattolica; ha insegnato politica sociale presso la Facolt\u00e0 di Statistica dell\u2019Universit\u00e0 di Padova, come professore a contratto e \u00a0ha insegnato sociologia della religione presso la Facolt\u00e0 Teologica del Triveneto. \u00c8 stato direttore scientifico della Fondazione G. Corazzin di Venezia. Ha al suo attivo numerose pubblicazioni sulle trasformazioni socio-religiose della societ\u00e0 italiana.<\/p>\n<p><strong>\u00a0<\/strong><\/p>\n<p><strong>La \u201cUCID \u2013 UNIONE CRISTIANA IMPRENDITORI DIRIGENTI \u2013 SEZIONE DI PADOVA\u201d<\/strong> \u00e8 un\u2019Associazione privata di fedeli, regolata dalle norme del Codice di Diritto Canonico, dalle norme di legge e dallo Statuto. Ad essa aderiscono Cristiani che siano Imprenditori, Dirigenti e Professionisti, organizzati come Federazione di SEZIONI aderenti alla \u201cUCID \u2013 UNIONE CRISTIANA IMPRENDITORI DIRIGENTI\u201d, formalmente costituite.<\/p>\n<p>L\u2019Associazione aderisce attraverso il rispettivo GRUPPO REGIONALE alla \u201cUCID \u2013 UNIONE CRISTIANA IMPRENDITORI DIRIGENTI \u2013 FEDERAZIONE NAZIONALE\u201d, costituita il 31 gennaio 1947, si riconosce nei suoi fini e si impegna a promuoverne la realizzazione per quanto di sua competenza nell\u2019ambito di una sua autonomia di iniziativa, e a rispettare tutte le norme dello statuto e sue successive modifiche approvate a norma d\u00ec legge e di statuto. Tra le sue finalit\u00e0: la formazione cristiana dei suoi iscritti e lo sviluppo di una alta moralit\u00e0 professionale alla luce dei principi cristiani e della morale cattolica; la conoscenza, l\u2019attuazione e la diffusione della dottrina Sociale della Chiesa; lo studio e l\u2019attuazione di iniziative volte a conformare le opere ed attivit\u00e0 degli iscritti ai principi della Dottrina Sociale della Chiesa e ad assicurare un\u2019efficace ed equa collaborazione fra i soggetti dell\u2019impresa, ponendo la persona al centro dell\u2019attivit\u00e0 economica, favorendo la solidariet\u00e0 contro ogni discriminazione e sviluppando la sussidiariet\u00e0; la testimonianza cristiana dei Soci con le loro opere nelle imprese, nelle organizzazioni, nel contesto sociale.<\/p>\n<p><strong>\u00a0<\/strong><strong>Per informazioni<\/strong>: |Email <a href=\"mailto:ucidpadova@gmail.com\">ucidpadova@gmail.com<\/a><\/p>\n<p><strong>Ufficio Stampa<\/strong>: Cristina Sartori | Cell. 348.0051314 |Email <a href=\"mailto:studiocristinasartoripress@gmail.com\">studiocristinasartoripress@gmail.com<\/a><\/p>\n<p>&nbsp;<\/p>\n","protected":false},"excerpt":{"rendered":"<p>invito 2020-06-10 COMUNICATO STAMPA Padova, 4 giugno\u00a0 2020 Prosegue il programma di incontri organizzato da UCID Sezione di Padova, secondo un calendario di iniziative aperte ai Soci, simpatizzanti e a quanti desiderino condividere le riflessioni proposte. Anche il prossimo appuntamento si svolger\u00e0 utilizzando le nuove modalit\u00e0 comunicative imposte dal distanziamento sociale, vale a dire attraverso [&hellip;]<\/p>\n","protected":false},"author":39,"featured_media":1512,"comment_status":"open","ping_status":"open","sticky":false,"template":"","format":"standard","meta":{"footnotes":""},"categories":[2],"tags":[],"class_list":["post-1505","post","type-post","status-publish","format-standard","has-post-thumbnail","hentry","category-attivita"],"_links":{"self":[{"href":"https:\/\/ucid.it\/sezionepadova\/wp-json\/wp\/v2\/posts\/1505","targetHints":{"allow":["GET"]}}],"collection":[{"href":"https:\/\/ucid.it\/sezionepadova\/wp-json\/wp\/v2\/posts"}],"about":[{"href":"https:\/\/ucid.it\/sezionepadova\/wp-json\/wp\/v2\/types\/post"}],"author":[{"embeddable":true,"href":"https:\/\/ucid.it\/sezionepadova\/wp-json\/wp\/v2\/users\/39"}],"replies":[{"embeddable":true,"href":"https:\/\/ucid.it\/sezionepadova\/wp-json\/wp\/v2\/comments?post=1505"}],"version-history":[{"count":0,"href":"https:\/\/ucid.it\/sezionepadova\/wp-json\/wp\/v2\/posts\/1505\/revisions"}],"wp:featuredmedia":[{"embeddable":true,"href":"https:\/\/ucid.it\/sezionepadova\/wp-json\/wp\/v2\/media\/1512"}],"wp:attachment":[{"href":"https:\/\/ucid.it\/sezionepadova\/wp-json\/wp\/v2\/media?parent=1505"}],"wp:term":[{"taxonomy":"category","embeddable":true,"href":"https:\/\/ucid.it\/sezionepadova\/wp-json\/wp\/v2\/categories?post=1505"},{"taxonomy":"post_tag","embeddable":true,"href":"https:\/\/ucid.it\/sezionepadova\/wp-json\/wp\/v2\/tags?post=1505"}],"curies":[{"name":"wp","href":"https:\/\/api.w.org\/{rel}","templated":true}]}}