{"id":1575,"date":"2020-11-25T09:24:23","date_gmt":"2020-11-25T09:24:23","guid":{"rendered":"http:\/\/ucid.it\/sezionepadova\/?p=1575"},"modified":"2020-11-25T09:24:23","modified_gmt":"2020-11-25T09:24:23","slug":"padova-capitale-europea-del-volontariato-2020-da-alecci-pres-csv-padova-un-lucido-richiamo-al-fare-tutti-insieme","status":"publish","type":"post","link":"https:\/\/ucid.it\/sezionepadova\/2020\/11\/25\/padova-capitale-europea-del-volontariato-2020-da-alecci-pres-csv-padova-un-lucido-richiamo-al-fare-tutti-insieme\/","title":{"rendered":"PADOVA CAPITALE EUROPEA DEL VOLONTARIATO 2020: da ALECCI, Pres. CSV Padova, un &#8220;Lucido richiamo al fare tutti insieme&#8221;"},"content":{"rendered":"<p><a href=\"http:\/\/ucid.it\/sezionepadova\/wp-content\/uploads\/sites\/115\/2020\/11\/Padova-capitale-europea-del-volontariato-2020-News-letter-Alecci.pdf\">Padova capitale europea del volontariato 2020 News letter Alecci<\/a><\/p>\n<p><a href=\"http:\/\/ucid.it\/sezionepadova\/wp-content\/uploads\/sites\/115\/2020\/03\/hands-4859114_1920.jpg\"><img loading=\"lazy\" decoding=\"async\" class=\"alignleft size-medium wp-image-1428\" src=\"http:\/\/ucid.it\/sezionepadova\/wp-content\/uploads\/sites\/115\/2020\/03\/hands-4859114_1920-300x230.jpg\" alt=\"\" width=\"300\" height=\"230\" srcset=\"https:\/\/ucid.it\/sezionepadova\/wp-content\/uploads\/sites\/115\/2020\/03\/hands-4859114_1920-300x230.jpg 300w, https:\/\/ucid.it\/sezionepadova\/wp-content\/uploads\/sites\/115\/2020\/03\/hands-4859114_1920-1024x785.jpg 1024w, https:\/\/ucid.it\/sezionepadova\/wp-content\/uploads\/sites\/115\/2020\/03\/hands-4859114_1920-768x589.jpg 768w, https:\/\/ucid.it\/sezionepadova\/wp-content\/uploads\/sites\/115\/2020\/03\/hands-4859114_1920-1536x1178.jpg 1536w, https:\/\/ucid.it\/sezionepadova\/wp-content\/uploads\/sites\/115\/2020\/03\/hands-4859114_1920.jpg 1920w\" sizes=\"auto, (max-width: 300px) 100vw, 300px\" \/><\/a>Il Pres. UCID Padova MASSIMO D&#8217;ONOFRIO rilancia e commenta le considerazioni di EMANUELE ALECCI<\/p>\n<p>Riceviamo e volentieri rilanciamo alcune considerazioni di Emanuele ALECCI, Presidente CSV di Padova e del Comitato Padova Capitale Europea del Volontariato. In particolare vogliamo sottolineare il lucido richiamo al fare tutti insieme. Al momento assistiamo, cosa sacrosanta, ad una rincorsa nel sostegno dell&#8217;emergenza. Ma non si pu\u00f2 vivere sempre e solo di emergenza. Occorre intraprendere un lavoro di progettualit\u00e0 di un futuro che non potr\u00e0 avvalersi troppo delle esperienze del passato; c&#8217;\u00e8 bisogno di costruire un nuovo modello di societ\u00e0; e per fare questo nessuno pu\u00f2 essere escluso se vogliamo evitare recriminazioni e spaccature che durerebbero a lungo nel tempo. Sino a che la politica non mette all&#8217;ordine del giorno una riflessione strutturata sul domani, deve essere la societ\u00e0 civile (volontariato, associazioni di categoria, imprese) a partire stimolando la giusta attenzione ad un orizzonte pi\u00f9 ampio. Sollecitare la politica \u00e8 fare politica, e tutti dovrebbero sentirsi soggetti obbligati; tanto pi\u00f9 che \u00e8 sempre meglio rendersi disponibili alla collaborazione che attendere una proposta non mediata.<\/p>\n<p>La tendenza, anche legislativa, a convergere fra le pratiche profit e quelle non-profit \u00e8 di sicuro un elemento che facilit\u00e0 e sollecita la necessit\u00e0 di collaborazione.<\/p>\n<p>Massimo D&#8217;ONOFRIO &#8211; <em>Il Presidente<\/em><\/p>\n<p><em>UCID Sezione di Padova <\/em><\/p>\n<p><em><a href=\"mailto:ucidpadova@gmail.com\">ucidpadova@gmail.com<\/a><\/em><\/p>\n<p>&nbsp;<\/p>\n","protected":false},"excerpt":{"rendered":"<p>Padova capitale europea del volontariato 2020 News letter Alecci Il Pres. UCID Padova MASSIMO D&#8217;ONOFRIO rilancia e commenta le considerazioni di EMANUELE ALECCI Riceviamo e volentieri rilanciamo alcune considerazioni di Emanuele ALECCI, Presidente CSV di Padova e del Comitato Padova Capitale Europea del Volontariato. In particolare vogliamo sottolineare il lucido richiamo al fare tutti insieme. [&hellip;]<\/p>\n","protected":false},"author":39,"featured_media":1428,"comment_status":"open","ping_status":"open","sticky":false,"template":"","format":"standard","meta":{"footnotes":""},"categories":[19],"tags":[],"class_list":["post-1575","post","type-post","status-publish","format-standard","has-post-thumbnail","hentry","category-news"],"_links":{"self":[{"href":"https:\/\/ucid.it\/sezionepadova\/wp-json\/wp\/v2\/posts\/1575","targetHints":{"allow":["GET"]}}],"collection":[{"href":"https:\/\/ucid.it\/sezionepadova\/wp-json\/wp\/v2\/posts"}],"about":[{"href":"https:\/\/ucid.it\/sezionepadova\/wp-json\/wp\/v2\/types\/post"}],"author":[{"embeddable":true,"href":"https:\/\/ucid.it\/sezionepadova\/wp-json\/wp\/v2\/users\/39"}],"replies":[{"embeddable":true,"href":"https:\/\/ucid.it\/sezionepadova\/wp-json\/wp\/v2\/comments?post=1575"}],"version-history":[{"count":0,"href":"https:\/\/ucid.it\/sezionepadova\/wp-json\/wp\/v2\/posts\/1575\/revisions"}],"wp:featuredmedia":[{"embeddable":true,"href":"https:\/\/ucid.it\/sezionepadova\/wp-json\/wp\/v2\/media\/1428"}],"wp:attachment":[{"href":"https:\/\/ucid.it\/sezionepadova\/wp-json\/wp\/v2\/media?parent=1575"}],"wp:term":[{"taxonomy":"category","embeddable":true,"href":"https:\/\/ucid.it\/sezionepadova\/wp-json\/wp\/v2\/categories?post=1575"},{"taxonomy":"post_tag","embeddable":true,"href":"https:\/\/ucid.it\/sezionepadova\/wp-json\/wp\/v2\/tags?post=1575"}],"curies":[{"name":"wp","href":"https:\/\/api.w.org\/{rel}","templated":true}]}}