{"id":1629,"date":"2021-09-08T09:27:18","date_gmt":"2021-09-08T09:27:18","guid":{"rendered":"https:\/\/ucid.it\/sezionepadova\/?p=1629"},"modified":"2021-09-08T09:27:18","modified_gmt":"2021-09-08T09:27:18","slug":"afghanistan-emergency-un-legame-che-va-oltre-la-geopolitica","status":"publish","type":"post","link":"https:\/\/ucid.it\/sezionepadova\/2021\/09\/08\/afghanistan-emergency-un-legame-che-va-oltre-la-geopolitica\/","title":{"rendered":"AFGHANISTAN\/EMERGENCY: UN LEGAME CHE VA OLTRE LA GEOPOLITICA"},"content":{"rendered":"<p><a href=\"http:\/\/ucid.it\/sezionepadova\/wp-content\/uploads\/sites\/115\/2021\/09\/Locandina-Dialoghi_Afghanistan_10_09_021.jpg\"><img loading=\"lazy\" decoding=\"async\" class=\"alignleft size-medium wp-image-1630\" src=\"http:\/\/ucid.it\/sezionepadova\/wp-content\/uploads\/sites\/115\/2021\/09\/Locandina-Dialoghi_Afghanistan_10_09_021-300x191.jpg\" alt=\"\" width=\"300\" height=\"191\" srcset=\"https:\/\/ucid.it\/sezionepadova\/wp-content\/uploads\/sites\/115\/2021\/09\/Locandina-Dialoghi_Afghanistan_10_09_021-300x191.jpg 300w, https:\/\/ucid.it\/sezionepadova\/wp-content\/uploads\/sites\/115\/2021\/09\/Locandina-Dialoghi_Afghanistan_10_09_021-1024x651.jpg 1024w, https:\/\/ucid.it\/sezionepadova\/wp-content\/uploads\/sites\/115\/2021\/09\/Locandina-Dialoghi_Afghanistan_10_09_021-768x488.jpg 768w, https:\/\/ucid.it\/sezionepadova\/wp-content\/uploads\/sites\/115\/2021\/09\/Locandina-Dialoghi_Afghanistan_10_09_021.jpg 1046w\" sizes=\"auto, (max-width: 300px) 100vw, 300px\" \/><\/a><\/p>\n<p><strong>Riprende il format Dialoghi con l\u2019Ucid<\/strong><\/p>\n<p><strong>AFGHANISTAN\/EMERGENCY: UN LEGAME CHE VA OLTRE LA GEOPOLITICA<\/strong><\/p>\n<p><strong>Venerd\u00ec 10 Settembre 2021 <\/strong><strong>&#8211; ore 18.00<\/strong><\/p>\n<p>Evento online su <strong>piattaforma ZOOM<\/strong> e in <strong>diretta streaming sul canale YouTube UCID Sezione di Padova.<\/strong><\/p>\n<p>Per eventuali informazioni: UCID Sezione di Padova <a href=\"mailto:ucidpadova@gmail.com\">ucidpadova@gmail.com<\/a><\/p>\n<p><strong><u>COMUNICATO STAMPA<\/u><\/strong><\/p>\n<p><em>Padova, 8 settembre 2021.<\/em> Si riparte con il format Dialoghi con l&#8217;Ucid, con un argomento di forte attualit\u00e0: il dramma umanitario in Afghanistan a seguito della riconquista del territorio da parte dei talebani.<\/p>\n<p><strong>Stefano Pozzi,<\/strong> padovano, <strong>Responsabile delle Risorse Umane per Emergency<\/strong> nello scenario afgano (1.600 personale locale, alcune decine di expat, 3 ospedali) \u00e8 appena rientrato a Padova, ed ha accettato di condividere con i soci Ucid, e con quanti desiderino partecipare all\u2019incontro o seguirlo attraverso la diretta sul <strong>canale youtube UCIDPadova,<\/strong> la sua esperienza personale e professionale in quel paese tormentato. Porter\u00e0 infatti una forte testimonianza della sua scelta personale; del contesto sociale che ha incontrato e con il quale si \u00e8 rapportato in Afghanistan; del ruolo assistenziale e non politico delle ONG.<\/p>\n<p>Nel Dialogo, per tratteggiare il quadro culturale di questo paese, la preparazione del Prof. <strong>Simone Borile,<\/strong> <strong>Antropologo, criminologo e professore di antropologia della violenza, Presidente e Direttore Generale CIELS, esperto di Afghanistan<\/strong> ed in particolare di cultura pasthun, che approfondir\u00e0, attraverso una lettura antropologica, anche il quadro sociale di un territorio che ha fatto della resistenza culturale il suo punto di forza negli ultimi 30 anni, portando esempi per capire come la cultura, se veicolata e processata adeguatamente possa essere motivo di integrazione e incorporazione valoriale.<\/p>\n<p><strong>Modera il Dialogo MASSIMO D\u2019ONOFRIO, Presidente UCID Sezione di Padova.<\/strong><\/p>\n<p><strong>STEFANO POZZI <\/strong>&#8211; <strong>Human Resources\/Field Manager\/Afghanistan, Emergency ONG Onlus<\/strong><\/p>\n<p><strong>SIMONE BORILE &#8211; Antropologo, Presidente e Direttore Generale CIELS<\/strong><\/p>\n<p>\u00c8\u00a0 necessaria la conferma della partecipazione a <a href=\"mailto:ucidpadova@gmail.com\">uc<\/a><a href=\"mailto:ucidpadova@gmail.com\">i<\/a><a href=\"mailto:ucidpadova@gmail.com\">dpadova@g<\/a><a href=\"mailto:ucidpadova@gmail.com\">m<\/a><a href=\"mailto:ucidpadova@gmail.com\">a<\/a><a href=\"mailto:ucidpadova@gmail.com\">il<\/a><a href=\"mailto:ucidpadova@gmail.com\">.com<\/a><\/p>\n<p>Le credenziali per accedere tramite la piattaforma Zoom saranno inviate entro il giorno prima<\/p>\n<p><strong>\u00ad\u00ad\u00ad\u00ad<\/strong><strong>La \u201cUCID \u2013 UNIONE CRISTIANA IMPRENDITORI DIRIGENTI \u2013 SEZIONE DI PADOVA\u201d<\/strong> \u00e8 un\u2019Associazione privata di fedeli, regolata dalle norme del Codice di Diritto Canonico, dalle norme di legge e dallo Statuto. Ad essa aderiscono Cristiani che siano Imprenditori, Dirigenti e Professionisti, organizzati come Federazione di SEZIONI aderenti alla \u201cUCID \u2013 UNIONE CRISTIANA IMPRENDITORI DIRIGENTI\u201d, formalmente costituite.<\/p>\n<p>L\u2019Associazione aderisce attraverso il rispettivo GRUPPO REGIONALE alla \u201cUCID \u2013 UNIONE CRISTIANA IMPRENDITORI DIRIGENTI \u2013 FEDERAZIONE NAZIONALE\u201d, costituita il 31 gennaio 1947, si riconosce nei suoi fini e si impegna a promuoverne la realizzazione per quanto di sua competenza nell\u2019ambito di una sua autonomia di iniziativa, e a rispettare tutte le norme dello statuto e sue successive modifiche approvate a norma d\u00ec legge e di statuto. Tra le sue finalit\u00e0: la formazione cristiana dei suoi iscritti e lo sviluppo di una alta moralit\u00e0 professionale alla luce dei principi cristiani e della morale cattolica; la conoscenza, l\u2019attuazione e la diffusione della dottrina Sociale della Chiesa; lo studio e l\u2019attuazione di iniziative volte a conformare le opere ed attivit\u00e0 degli iscritti ai principi della Dottrina Sociale della Chiesa e ad assicurare un\u2019efficace ed equa collaborazione fra i soggetti dell\u2019impresa, ponendo la persona al centro dell\u2019attivit\u00e0 economica, favorendo la solidariet\u00e0 contro ogni discriminazione e sviluppando la sussidiariet\u00e0; la testimonianza cristiana dei Soci con le loro opere nelle imprese, nelle organizzazioni, nel contesto sociale.<\/p>\n<p><strong>\u00a0<\/strong><strong>Per informazioni<\/strong>: |Email <a href=\"mailto:ucidpadova@gmail.com\">ucidpadova@gmail.com<\/a><\/p>\n<p><strong>\u00a0<\/strong><strong>Ufficio Stampa<\/strong>: Cristina Sartori | Cell. 348.0051314 |Email <a href=\"mailto:studiocristinasartoripress@gmail.com\">studiocristinasartoripress@gmail.com<\/a><\/p>\n<p>&nbsp;<\/p>\n<p><strong>\u00a0<\/strong><\/p>\n","protected":false},"excerpt":{"rendered":"<p>Riprende il format Dialoghi con l\u2019Ucid AFGHANISTAN\/EMERGENCY: UN LEGAME CHE VA OLTRE LA GEOPOLITICA Venerd\u00ec 10 Settembre 2021 &#8211; ore 18.00 Evento online su piattaforma ZOOM e in diretta streaming sul canale YouTube UCID Sezione di Padova. Per eventuali informazioni: UCID Sezione di Padova ucidpadova@gmail.com COMUNICATO STAMPA Padova, 8 settembre 2021. Si riparte con il [&hellip;]<\/p>\n","protected":false},"author":39,"featured_media":1630,"comment_status":"open","ping_status":"open","sticky":false,"template":"","format":"standard","meta":{"footnotes":""},"categories":[15],"tags":[],"class_list":["post-1629","post","type-post","status-publish","format-standard","has-post-thumbnail","hentry","category-dialoghi-con-lucid"],"_links":{"self":[{"href":"https:\/\/ucid.it\/sezionepadova\/wp-json\/wp\/v2\/posts\/1629","targetHints":{"allow":["GET"]}}],"collection":[{"href":"https:\/\/ucid.it\/sezionepadova\/wp-json\/wp\/v2\/posts"}],"about":[{"href":"https:\/\/ucid.it\/sezionepadova\/wp-json\/wp\/v2\/types\/post"}],"author":[{"embeddable":true,"href":"https:\/\/ucid.it\/sezionepadova\/wp-json\/wp\/v2\/users\/39"}],"replies":[{"embeddable":true,"href":"https:\/\/ucid.it\/sezionepadova\/wp-json\/wp\/v2\/comments?post=1629"}],"version-history":[{"count":0,"href":"https:\/\/ucid.it\/sezionepadova\/wp-json\/wp\/v2\/posts\/1629\/revisions"}],"wp:featuredmedia":[{"embeddable":true,"href":"https:\/\/ucid.it\/sezionepadova\/wp-json\/wp\/v2\/media\/1630"}],"wp:attachment":[{"href":"https:\/\/ucid.it\/sezionepadova\/wp-json\/wp\/v2\/media?parent=1629"}],"wp:term":[{"taxonomy":"category","embeddable":true,"href":"https:\/\/ucid.it\/sezionepadova\/wp-json\/wp\/v2\/categories?post=1629"},{"taxonomy":"post_tag","embeddable":true,"href":"https:\/\/ucid.it\/sezionepadova\/wp-json\/wp\/v2\/tags?post=1629"}],"curies":[{"name":"wp","href":"https:\/\/api.w.org\/{rel}","templated":true}]}}