{"id":1644,"date":"2021-10-09T16:11:06","date_gmt":"2021-10-09T16:11:06","guid":{"rendered":"https:\/\/ucid.it\/sezionepadova\/?p=1644"},"modified":"2021-10-09T16:11:06","modified_gmt":"2021-10-09T16:11:06","slug":"la-pillola-settimanale-della-dottrina-sociale-della-chiesa-40-esima-settimana","status":"publish","type":"post","link":"https:\/\/ucid.it\/sezionepadova\/2021\/10\/09\/la-pillola-settimanale-della-dottrina-sociale-della-chiesa-40-esima-settimana\/","title":{"rendered":"LA PILLOLA SETTIMANALE DELLA DOTTRINA SOCIALE DELLA CHIESA &#8211;  40 ESIMA SETTIMANA"},"content":{"rendered":"<p><a href=\"http:\/\/ucid.it\/sezionepadova\/wp-content\/uploads\/sites\/115\/2021\/10\/CHIESA_10_10_021.jpg\"><img loading=\"lazy\" decoding=\"async\" class=\"alignleft size-medium wp-image-1646\" src=\"http:\/\/ucid.it\/sezionepadova\/wp-content\/uploads\/sites\/115\/2021\/10\/CHIESA_10_10_021-300x199.jpg\" alt=\"\" width=\"300\" height=\"199\" srcset=\"https:\/\/ucid.it\/sezionepadova\/wp-content\/uploads\/sites\/115\/2021\/10\/CHIESA_10_10_021-300x199.jpg 300w, https:\/\/ucid.it\/sezionepadova\/wp-content\/uploads\/sites\/115\/2021\/10\/CHIESA_10_10_021-1024x681.jpg 1024w, https:\/\/ucid.it\/sezionepadova\/wp-content\/uploads\/sites\/115\/2021\/10\/CHIESA_10_10_021-768x510.jpg 768w, https:\/\/ucid.it\/sezionepadova\/wp-content\/uploads\/sites\/115\/2021\/10\/CHIESA_10_10_021-1536x1021.jpg 1536w, https:\/\/ucid.it\/sezionepadova\/wp-content\/uploads\/sites\/115\/2021\/10\/CHIESA_10_10_021.jpg 1920w\" sizes=\"auto, (max-width: 300px) 100vw, 300px\" \/><\/a>Segnaliamo la Pillola settimanale della Dottrina Sociale della Chiesa &#8211; 40esima settimana, da parte del Gruppo Regionale delle Marche<\/p>\n<p>\u201cL&#8217;AZIONE PASTORALE IN AMBITO SOCIALE\u201d<\/p>\n<p>(COMP 534) La dottrina sociale \u00e8 un efficace strumento di dialogo tra le comunit\u00e0 cristiane e la comunit\u00e0 civile e politica, uno strumento adatto a promuovere e ad ispirare atteggiamenti di corretta e feconda collaborazione, secondo modalit\u00e0 adeguate alle circostanze. L&#8217;impegno delle autorit\u00e0 civili e politiche, chiamate a servire la vocazione personale e sociale dell&#8217;uomo, secondo la propria competenza e con i propri mezzi, pu\u00f2 trovare nella dottrina sociale della Chiesa un importante sostegno e una ricca fonte di ispirazione.<\/p>\n<p>(COMP 535)\u00a0 La dottrina sociale \u00e8 un terreno fecondo per la coltivazione del dialogo e della collaborazione in campo ecumenico, che si realizzano in diversi ambiti, ormai su vasta scala: nella difesa della dignit\u00e0 delle persone umane; nella promozione della pace; nella lotta concreta ed efficace contro le miserie del nostro tempo, quali la fame e l&#8217;indigenza, l&#8217;analfabetismo, la non equa distribuzione dei beni e la mancanza di abitazioni. Tale multiforme cooperazione aumenta la consapevolezza della fraternit\u00e0 in Cristo e facilita il cammino ecumenico.<\/p>\n<p>(COMP 536)\u00a0 Nella comune tradizione dell&#8217;Antico Testamento, la Chiesa Cattolica sa di poter dialogare con i fratelli Ebrei, anche mediante la sua dottrina sociale, per costruire insieme un futuro di giustizia e di pace per tutti gli uomini, figli dell&#8217;unico Dio. Il comune patrimonio spirituale favorisce la mutua conoscenza e la stima reciproca, (Cfr. Concilio Vaticano II, Dich. Nostra aetate, 4)\u00a0 sulla cui base pu\u00f2 crescere l&#8217;intesa per il superamento di ogni discriminazione e la difesa della dignit\u00e0 umana.<\/p>\n<p>(COMP 537)\u00a0 La dottrina sociale si caratterizza anche per un costante appello al dialogo tra tutti i credenti delle religioni del mondo, affinch\u00e9 sappiano condividere la ricerca delle forme pi\u00f9 opportune di collaborazione: le religioni hanno un ruolo importante per il conseguimento della pace, che dipende dal comune impegno per lo sviluppo integrale dell&#8217;uomo. ( Giovanni Paolo II Lett. enc.Sollecitudo rei socialis, 32).\u00a0 Nello spirito degli Incontri di preghiera che si sono tenuti ad Assisi, (27 ottobre 1986; 24 gennaio 2002)\u00a0 la Chiesa continua a invitare i credenti delle altre religioni al dialogo e a favorire, in ogni luogo, un&#8217;efficace testimonianza dei valori comuni a tutta la famigliaumana.<\/p>\n<p>LEGENDA<\/p>\n<p>&#8211;\u00a0\u00a0\u00a0\u00a0\u00a0\u00a0\u00a0\u00a0\u00a0\u00a0COMP \u2013 Compendio della Dottrina Sociale della Chiesa (2004)<\/p>\n<p>&#8211;\u00a0\u00a0\u00a0\u00a0\u00a0\u00a0\u00a0\u00a0\u00a0\u00a0C.V.\u00a0\u00a0\u00a0\u2013 Enciclica Caritas in Veritate (2009)<\/p>\n<p>&#8211;\u00a0\u00a0\u00a0\u00a0\u00a0\u00a0\u00a0\u00a0\u00a0\u00a0E.G.\u00a0\u00a0&#8211;\u00a0\u00a0Esortazione Apostolica Evangelii Gaudium (2013)<\/p>\n<p>&#8211;\u00a0\u00a0\u00a0\u00a0\u00a0\u00a0\u00a0\u00a0\u00a0\u00a0L.S.\u00a0\u00a0\u00a0&#8211;\u00a0\u00a0Enciclica Laudato S\u00ec (2015)<\/p>\n<p>Testi di riferimento:<\/p>\n<p>&#8211;\u00a0 Redemptoris missio 11 AAS 83 &#8211; Giovanni Paolo II<\/p>\n<p>&#8211;\u00a0 Centesimus annus 5\u00a0 AAS 83 &#8211; Giovanni Paolo II<\/p>\n<p>&#8211;\u00a0 Gaudium et spes 22 AAS 58 &#8211; Concilio Vaticano II<\/p>\n<p>&#8211;\u00a0 Christifideles laici, 35 AAS 81 &#8211; Giovanni Paolo II<\/p>\n<p>&nbsp;<\/p>\n","protected":false},"excerpt":{"rendered":"<p>Segnaliamo la Pillola settimanale della Dottrina Sociale della Chiesa &#8211; 40esima settimana, da parte del Gruppo Regionale delle Marche \u201cL&#8217;AZIONE PASTORALE IN AMBITO SOCIALE\u201d (COMP 534) La dottrina sociale \u00e8 un efficace strumento di dialogo tra le comunit\u00e0 cristiane e la comunit\u00e0 civile e politica, uno strumento adatto a promuovere e ad ispirare atteggiamenti di [&hellip;]<\/p>\n","protected":false},"author":39,"featured_media":1646,"comment_status":"open","ping_status":"open","sticky":false,"template":"","format":"standard","meta":{"footnotes":""},"categories":[19],"tags":[],"class_list":["post-1644","post","type-post","status-publish","format-standard","has-post-thumbnail","hentry","category-news"],"_links":{"self":[{"href":"https:\/\/ucid.it\/sezionepadova\/wp-json\/wp\/v2\/posts\/1644","targetHints":{"allow":["GET"]}}],"collection":[{"href":"https:\/\/ucid.it\/sezionepadova\/wp-json\/wp\/v2\/posts"}],"about":[{"href":"https:\/\/ucid.it\/sezionepadova\/wp-json\/wp\/v2\/types\/post"}],"author":[{"embeddable":true,"href":"https:\/\/ucid.it\/sezionepadova\/wp-json\/wp\/v2\/users\/39"}],"replies":[{"embeddable":true,"href":"https:\/\/ucid.it\/sezionepadova\/wp-json\/wp\/v2\/comments?post=1644"}],"version-history":[{"count":0,"href":"https:\/\/ucid.it\/sezionepadova\/wp-json\/wp\/v2\/posts\/1644\/revisions"}],"wp:featuredmedia":[{"embeddable":true,"href":"https:\/\/ucid.it\/sezionepadova\/wp-json\/wp\/v2\/media\/1646"}],"wp:attachment":[{"href":"https:\/\/ucid.it\/sezionepadova\/wp-json\/wp\/v2\/media?parent=1644"}],"wp:term":[{"taxonomy":"category","embeddable":true,"href":"https:\/\/ucid.it\/sezionepadova\/wp-json\/wp\/v2\/categories?post=1644"},{"taxonomy":"post_tag","embeddable":true,"href":"https:\/\/ucid.it\/sezionepadova\/wp-json\/wp\/v2\/tags?post=1644"}],"curies":[{"name":"wp","href":"https:\/\/api.w.org\/{rel}","templated":true}]}}