{"id":1914,"date":"2024-02-28T11:00:54","date_gmt":"2024-02-28T11:00:54","guid":{"rendered":"https:\/\/ucid.it\/sezionepadova\/?p=1914"},"modified":"2024-04-03T08:14:45","modified_gmt":"2024-04-03T08:14:45","slug":"riflessioni-sulleuropa-che-ci-attende-di-massimo-donofrio-presidente-ucid-padova","status":"publish","type":"post","link":"https:\/\/ucid.it\/sezionepadova\/2024\/02\/28\/riflessioni-sulleuropa-che-ci-attende-di-massimo-donofrio-presidente-ucid-padova\/","title":{"rendered":"RIFLESSIONI SULL\u2019EUROPA CHE CI ATTENDE di Massimo D\u2019Onofrio, Presidente UCID Padova"},"content":{"rendered":"<p><strong>\u00a0<\/strong><\/p>\n<p><strong><a href=\"http:\/\/ucid.it\/sezionepadova\/wp-content\/uploads\/sites\/115\/2024\/02\/pexels-angel-bena-10142678-scaled.jpg\"><img loading=\"lazy\" decoding=\"async\" class=\"alignleft size-medium wp-image-1915\" src=\"http:\/\/ucid.it\/sezionepadova\/wp-content\/uploads\/sites\/115\/2024\/02\/pexels-angel-bena-10142678-300x200.jpg\" alt=\"\" width=\"300\" height=\"200\" srcset=\"https:\/\/ucid.it\/sezionepadova\/wp-content\/uploads\/sites\/115\/2024\/02\/pexels-angel-bena-10142678-300x200.jpg 300w, https:\/\/ucid.it\/sezionepadova\/wp-content\/uploads\/sites\/115\/2024\/02\/pexels-angel-bena-10142678-1024x683.jpg 1024w, https:\/\/ucid.it\/sezionepadova\/wp-content\/uploads\/sites\/115\/2024\/02\/pexels-angel-bena-10142678-768x512.jpg 768w, https:\/\/ucid.it\/sezionepadova\/wp-content\/uploads\/sites\/115\/2024\/02\/pexels-angel-bena-10142678-1536x1024.jpg 1536w, https:\/\/ucid.it\/sezionepadova\/wp-content\/uploads\/sites\/115\/2024\/02\/pexels-angel-bena-10142678-2048x1365.jpg 2048w\" sizes=\"auto, (max-width: 300px) 100vw, 300px\" \/><\/a><\/strong><\/p>\n<p><strong> RIFLESSIONI SULL\u2019EUROPA CHE CI ATTENDE<\/strong><\/p>\n<p><strong>In occasione del prossimo convegno di apertura dell\u2019Anno sociale UCID Padova sul tema <em>EUROPA COMUNIT\u00c0 SOLIDALE.\u00a0 La responsabilit\u00e0 di contribuire ad un mondo pi\u00f9 umano e giusto<\/em> in programma per sabato 2 marzo 2024 alla Fondazione Lanza di Padova, alcune riflessioni del Presidente della Sezione Massimo D\u2019Onofrio sullo scenario che si prospetta alla luce delle prossime elezioni europee di giugno.<\/strong><\/p>\n<p>&nbsp;<\/p>\n<p><strong>Perch\u00e9 \u00e8 importante l\u2019Europa, cosa ci attendiamo dai prossimi eletti?<\/strong><\/p>\n<p>Il tema \u00e8 importante e strategico. Proprio in vista di questo appuntamento UCID Padova ha programmato una serie di incontri dedicati all\u2019Europa e alle responsabilit\u00e0 che attendono il nuovo Parlamento Europeo.<\/p>\n<p>Nelle ultime settimane ho collezionato il punto di vista di illustri commentatori di varia estrazione culturale e politica e ho rilevato che tutti convergono in maniera molto singolare circa il futuro dell\u2019Europa.\u00a0Cosa dicono questi esperti? Il mondo \u00e8 alla vigilia di un cambiamento epocale; il futuro dell\u2019Europa \u00e8 solo in parte in mano al Vecchio Continente e lo si pu\u00f2 declinare solo interpolando quello di Cina e Stati Uniti in una triangolazione asimmetrica.<\/p>\n<p>Mario Draghi all\u2019Eurofin il 24 febbraio scorso ha affermato: \u00ab<em>Negli ultimi anni ci sono stati cambiamenti profondi nell\u2019 ordine economico globale\u2026 L\u2019ordine in cui l\u2019Europa ha prosperato \u00e8 scosso\u2026poteva contare sull\u2019energia russa, sulle esportazioni cinesi e sulla difesa degli Stati Uniti. Questi tre pilastri oggi sono meno solidi\u00bb<\/em>.<\/p>\n<p>Mentre il resto del mondo evolveva verso nuovi equilibri, l\u2019Europa avrebbe potuto e dovuto fare qualcosa in pi\u00f9 per partecipare da protagonista: meno burocrazia e pi\u00f9 politica; ad esempio, una politica estera e difesa comuni. Ma ha preferito mantenere il focus sugli interessi economici che hanno motivato l\u2019adesione di altri Paesi a matrice politico\/culturale diversa e che fanno resistenza su ogni altro obiettivo pi\u00f9 ambizioso e che prevede arretramento nella sovranit\u00e0. A Strasburgo, 12 gennaio 1951, De Gasperi, che evidentemente temeva una deriva minimalista: \u201c<em>Se noi costruiremo soltanto amministrazioni comuni, senza una volont\u00e0 politica superiore vivificata da un organismo centrale, nel quale le volont\u00e0 nazionali si incontrino, si precisino e si animino in una sintesi superiore, rischieremo che questa attivit\u00e0 europea appaia, al confronto della vitalit\u00e0 nazionale particolare, senza calore, senza vita ideale. Potrebbe anche apparire ad un certo momento una sovrastruttura superflua e forse anche oppressiva quale appare in certi periodi del suo declino il Sacro Romano Impero<\/em>.\u201d<\/p>\n<p><strong>Cosa attende l\u2019Europa a 27?<\/strong><\/p>\n<p>L\u2019Europa dovr\u00e0 rincorrere il tempo perduto nel darsi una personalit\u00e0 politica significativa. Stante il quadro di cui sopra come elettori alle prossime europee ci saremmo aspettati di leggere dei programmi politici coerenti con i tempi. Al momento per\u00f2 ci sembra di cogliere un tattico attendismo; insomma, come una partita di poker: prima vedo le carte (risultati alle elezioni) e poi decido la posta (programma e schieramento). Va bene anche cos\u00ec, purch\u00e9 una volta eletto il nuovo Parlamento sia cosciente ed all\u2019altezza delle sfide non proprie ordinarie che dovr\u00e0 assumersi.<\/p>\n<p>&nbsp;<\/p>\n","protected":false},"excerpt":{"rendered":"<p>\u00a0 RIFLESSIONI SULL\u2019EUROPA CHE CI ATTENDE In occasione del prossimo convegno di apertura dell\u2019Anno sociale UCID Padova sul tema EUROPA COMUNIT\u00c0 SOLIDALE.\u00a0 La responsabilit\u00e0 di contribuire ad un mondo pi\u00f9 umano e giusto in programma per sabato 2 marzo 2024 alla Fondazione Lanza di Padova, alcune riflessioni del Presidente della Sezione Massimo D\u2019Onofrio sullo scenario [&hellip;]<\/p>\n","protected":false},"author":39,"featured_media":0,"comment_status":"open","ping_status":"open","sticky":false,"template":"","format":"standard","meta":{"footnotes":""},"categories":[3],"tags":[98,125,123,55,122,124,119,120,74],"class_list":["post-1914","post","type-post","status-publish","format-standard","hentry","category-attualita","tag-cattolici-politica-dottrinasocialechiesa","tag-cattoliciinpolitica","tag-degasperi","tag-democrazia","tag-parlamentoeuropeo","tag-politicaestera","tag-comunita","tag-comunitasociale","tag-europa"],"_links":{"self":[{"href":"https:\/\/ucid.it\/sezionepadova\/wp-json\/wp\/v2\/posts\/1914","targetHints":{"allow":["GET"]}}],"collection":[{"href":"https:\/\/ucid.it\/sezionepadova\/wp-json\/wp\/v2\/posts"}],"about":[{"href":"https:\/\/ucid.it\/sezionepadova\/wp-json\/wp\/v2\/types\/post"}],"author":[{"embeddable":true,"href":"https:\/\/ucid.it\/sezionepadova\/wp-json\/wp\/v2\/users\/39"}],"replies":[{"embeddable":true,"href":"https:\/\/ucid.it\/sezionepadova\/wp-json\/wp\/v2\/comments?post=1914"}],"version-history":[{"count":0,"href":"https:\/\/ucid.it\/sezionepadova\/wp-json\/wp\/v2\/posts\/1914\/revisions"}],"wp:attachment":[{"href":"https:\/\/ucid.it\/sezionepadova\/wp-json\/wp\/v2\/media?parent=1914"}],"wp:term":[{"taxonomy":"category","embeddable":true,"href":"https:\/\/ucid.it\/sezionepadova\/wp-json\/wp\/v2\/categories?post=1914"},{"taxonomy":"post_tag","embeddable":true,"href":"https:\/\/ucid.it\/sezionepadova\/wp-json\/wp\/v2\/tags?post=1914"}],"curies":[{"name":"wp","href":"https:\/\/api.w.org\/{rel}","templated":true}]}}