{"id":2056,"date":"2026-03-09T08:48:06","date_gmt":"2026-03-09T08:48:06","guid":{"rendered":"https:\/\/ucid.it\/sezionepadova\/?p=2056"},"modified":"2026-03-09T08:48:16","modified_gmt":"2026-03-09T08:48:16","slug":"economia-in-cammino-lavoro-carriera-e-impatto-il-coraggio-di-ascoltarsi-la-scoperta-del-proprio-percorso","status":"publish","type":"post","link":"https:\/\/ucid.it\/sezionepadova\/2026\/03\/09\/economia-in-cammino-lavoro-carriera-e-impatto-il-coraggio-di-ascoltarsi-la-scoperta-del-proprio-percorso\/","title":{"rendered":"ECONOMIA IN CAMMINO. LAVORO, CARRIERA E IMPATTO &#8211; IL CORAGGIO DI ASCOLTARSI: LA SCOPERTA DEL PROPRIO PERCORSO"},"content":{"rendered":"<p><a href=\"https:\/\/ucid.it\/sezionepadova\/wp-content\/uploads\/sites\/115\/2026\/03\/geralt-stairs-5957112_1920.jpg\"><img loading=\"lazy\" decoding=\"async\" class=\"alignleft size-medium wp-image-2057\" src=\"https:\/\/ucid.it\/sezionepadova\/wp-content\/uploads\/sites\/115\/2026\/03\/geralt-stairs-5957112_1920-300x212.jpg\" alt=\"\" width=\"300\" height=\"212\" srcset=\"https:\/\/ucid.it\/sezionepadova\/wp-content\/uploads\/sites\/115\/2026\/03\/geralt-stairs-5957112_1920-300x212.jpg 300w, https:\/\/ucid.it\/sezionepadova\/wp-content\/uploads\/sites\/115\/2026\/03\/geralt-stairs-5957112_1920-1024x724.jpg 1024w, https:\/\/ucid.it\/sezionepadova\/wp-content\/uploads\/sites\/115\/2026\/03\/geralt-stairs-5957112_1920-768x543.jpg 768w, https:\/\/ucid.it\/sezionepadova\/wp-content\/uploads\/sites\/115\/2026\/03\/geralt-stairs-5957112_1920-1536x1086.jpg 1536w, https:\/\/ucid.it\/sezionepadova\/wp-content\/uploads\/sites\/115\/2026\/03\/geralt-stairs-5957112_1920.jpg 1920w\" sizes=\"auto, (max-width: 300px) 100vw, 300px\" \/><\/a><a href=\"https:\/\/ucid.it\/sezionepadova\/wp-content\/uploads\/sites\/115\/2026\/03\/locandina-generale.jpeg\"><img loading=\"lazy\" decoding=\"async\" class=\"alignleft size-medium wp-image-2059\" src=\"https:\/\/ucid.it\/sezionepadova\/wp-content\/uploads\/sites\/115\/2026\/03\/locandina-generale-212x300.jpeg\" alt=\"\" width=\"212\" height=\"300\" srcset=\"https:\/\/ucid.it\/sezionepadova\/wp-content\/uploads\/sites\/115\/2026\/03\/locandina-generale-212x300.jpeg 212w, https:\/\/ucid.it\/sezionepadova\/wp-content\/uploads\/sites\/115\/2026\/03\/locandina-generale-724x1024.jpeg 724w, https:\/\/ucid.it\/sezionepadova\/wp-content\/uploads\/sites\/115\/2026\/03\/locandina-generale-768x1086.jpeg 768w, https:\/\/ucid.it\/sezionepadova\/wp-content\/uploads\/sites\/115\/2026\/03\/locandina-generale-1086x1536.jpeg 1086w, https:\/\/ucid.it\/sezionepadova\/wp-content\/uploads\/sites\/115\/2026\/03\/locandina-generale.jpeg 1131w\" sizes=\"auto, (max-width: 212px) 100vw, 212px\" \/><\/a><strong>Primo appuntamento del ciclo di incontri: <em>ECONOMIA IN CAMMINO. LAVORO, CARRIERA E IMPATTO<\/em><\/strong><\/p>\n<p><strong>IL CORAGGIO DI ASCOLTARSI: LA SCOPERTA DEL PROPRIO PERCORSO<\/strong><\/p>\n<p><strong><em>Marted\u00ec 10 marzo 2026 \u2013 ore 18.15, <\/em><\/strong><strong>Centro Universitario Zabarella, Padova<\/strong><\/p>\n<p><strong>Intervento di AGNESE BOSCOLO, <\/strong><strong>Prof.ssa di Economia presso IIS Leonardo da Vinci di Padova, MSc Economics and Social Science Bocconi.<\/strong><\/p>\n<p><strong>Moderano: DILETTA PASQUALOTTO Cultural Consultancy e Consigliera UCID Padova e VITTORIO ZELCO studente di Scienze Politiche UNIPD e UCID Padova Academy<\/strong><\/p>\n<p><strong>INCONTRO APERTO AL PUBBLICO<\/strong><\/p>\n<p><strong><u>COMUNICATO STAMPA<\/u><\/strong><\/p>\n<p><em>Padova, 7 marzo 2026<\/em>. Giovani professionisti a servizio dei giovani studenti. Prende il via un nuovo ciclo di incontri dal titolo <strong><em>ECONOMIA IN CAMMINO.<\/em><\/strong><em> <strong>Lavoro, Carriera, Impatto<\/strong><\/em> <strong>proposti da UCID Padova con FUCI, The Economy of Francesco ed Economia di Comunione,<\/strong> un dialogo intergenerazionale che diventa scambio interattivo tra gli Under 40 e i giovani che si affacciano al mondo del lavoro. Tre appuntamenti \u2013<strong> 10 marzo, 21 aprile, 19 maggio<\/strong> \u2013 rivolti a studenti universitari per rispondere a quelle che sono domande comuni in un momento in cui il mercato del lavoro \u00e8 sempre pi\u00f9 fluido e incerto: \u00abCapire chi sei, dove vuoi andare e che impatto vuoi generare con il tuo lavoro\u00bb.<\/p>\n<p>L\u2019iniziativa \u00e8 stata promossa da realt\u00e0 associative attive su temi economico-sociali con l\u2019obiettivo di fornire occasione di riflessione e confronto con chi sta operando nella propria maturit\u00e0 professionale \u2013 gli under 40 \u2013 che si mette a disposizione dei giovani partecipanti condividendo il proprio personale percorso tra opportunit\u00e0 e vincoli presenti nel mercato del lavoro da un lato, e la tensione a restare fedeli alle proprie idealit\u00e0, dall\u2019altro.<\/p>\n<p>Ogni incontro si svolge in due parti: un <strong>Intervento di un giovane professionista<\/strong> che condivide il proprio percorso seguito da un dialogo con i presenti in un <strong>Aperitivo\/networking,<\/strong> occasione amichevole ma soprattutto interattiva e d\u2019incontro tra i giovani che stanno maturando scelte decisive per il proprio futuro, e i relatori che quell\u2019esperienza di lavoro gi\u00e0 la portano avanti da tempo.<\/p>\n<p><strong>Non una docenza \u201cverticale\u201d quindi, ma un interscambio \u201corizzontale\u201d <\/strong>e paritario tra i giovani professionisti e gli studenti che devono sentirsi a proprio agio nel formulare domande, esporre punti di vista, chiedere informazioni, condividere esperienze e prospettive.<\/p>\n<p><strong>Un percorso particolare voluto da UCID Padova proprio per mettersi a disposizione delle nuove generazioni che devono affrontare approccio lavorativo particolarmente complicato in questo momento economico e sociale<\/strong>, a differenza di quanto avveniva per le generazioni precedenti per le quali <strong>un approccio lavorativo particolarmente complicato in questo momento economico e sociale<\/strong>, momento che si annuncia molto diverso rispetto a quanto avveniva per le generazioni precedenti, per le quali il percorso lavorativo appariva pi\u00f9 stabile e prevedibile.<\/p>\n<p>\u00abNon intendiamo semplicemente mettere a disposizione la nostra esperienza di un mondo del lavoro ormai passato \u2013 afferma <strong>Guido Zanovello Presidente UCID Padova<\/strong> \u2013 non vogliamo insegnare nulla; desideriamo piuttosto vestire i panni dei \u201cfacilitatori\u201d con lo scopo di mettere i giovani, che stanno terminando i loro studi e stanno cercando di orientarsi nel mondo del lavoro, in comunicazione con chi, ancora giovane, ha gi\u00e0 intrapreso un chiaro percorso e pu\u00f2 testimoniare la sua esperienza recente, con le sue soddisfazioni e le sue difficolt\u00e0\u00bb.<\/p>\n<p>Attivi nell\u2019organizzazione sono proprio i giovani. Tra questi <strong>Diletta Pasqualotto, libera Professionista, membro di Economy of Francesco e Consigliera UCID Padova<\/strong>: \u00abAbbiamo deciso di organizzare questi tre incontri rivolgendoci proprio agli studenti universitari per andare oltre il mero orientamento professionale e per unire la loro personale vocazione, le loro scelte e i loro desideri alla carriera pratica. Le nuove generazioni \u2013 la Generazione Z in particolare \u2013 antepongono la qualit\u00e0 della propria vita personale alla dimensione lavorativa. E per offrire loro questa particolare prospettiva abbiamo pensato di coinvolgere gli Under 40 che sono gi\u00e0 nel mondo del lavoro, chiedendo loro di portare la propria testimonianza nella chiave particolare di confronto e discussione dei diversi stili con i quali sono riusciti a conciliare carriera e vita privata. Le testimonianze, infatti, non desiderano imporre il proprio percorso come esempio, ma semplicemente come esperienza di un cammino percorso. Per questo anche la formula dell\u2019intervento \u00e8 completata dalla dimensione conviviale dell\u2019Aperitivo\/networking perch\u00e9 non desideriamo una stanza nella quale chi \u00e8 pi\u00f9 giovane ascolti e basta, ma un luogo in cui si possano sentire coinvolti e liberi di interagire.\u00bb<\/p>\n<p>A lei si unisce <strong>Vittorio Zelco studente di Scienze Politiche all\u2019Universit\u00e0 di Padova e membro di UCID Padova Academy<\/strong>: \u00abHo deciso di prendere parte all&#8217;organizzazione di <em>Lavoro, Carriera e Impatto <\/em>perch\u00e9 ritengo che sia un giusto diritto dei giovani poter conciliare il lavoro e la carriera professionale con le proprie passioni, valori e impatto che si vuole dare\u00bb.<\/p>\n<p>Il primo appuntamento dal titolo <strong><em>IL CORAGGIO DI ASCOLTARSI: LA SCOPERTA DEL PROPRIO PERCORSO<\/em><\/strong> \u00e8 in programma per <strong>marted\u00ec 10 marzo, dalle ore 18.15 alle ore 19.30 al Centro Universitario Zabarella di Via Zabarella 82 a Padova.<\/strong> Relatrice <strong>Agnese Boscolo, Prof.ssa di Economia presso IIS Leonardo da Vinci di Padova, MSc Economics and Social Science Bocconi. <\/strong>Esporr\u00e0 la propria esperienza che l\u2019ha vista lasciare una promettente carriera nel mondo della finanza internazionale per approdare all\u2019insegnamento: \u00abScegliere la propria strada ha un costo. Economico, certo, ma anche simbolico, sociale e di immagine \u2013 anticipa la <strong>Professoressa Boscolo <\/strong>\u2013. E posso assicurare che scegliere non solo in base ai soldi \u2014 pur tenendo conto dei limiti reali della vita \u2014 \u00e8 difficilissimo. Ma \u00e8 anche incredibilmente liberante. Perch\u00e9 significa mettere s\u00e9 stessi, la propria chiamata, prima del compenso. Prima dell\u2019approvazione. Prima dell\u2019idea di carriera che gli altri hanno in mente per te. Spesso non ce ne accorgiamo, ma mettiamo i soldi sopra di noi. Mettiamo l\u2019immagine sopra di noi. In quel momento, per me, \u00e8 stato un cammino di liberazione.\u00bb<\/p>\n<p>&nbsp;<\/p>\n<p><strong>Per informazioni<\/strong>: |Email <a href=\"mailto:ucidpadova@gmail.com\">ucidpadova@gmail.com<\/a><\/p>\n<p><strong>Ufficio Stampa<\/strong>: Cristina Sartori | Cell. 348.0051314 |Email <a href=\"mailto:studio@cristinasartori.net\">studio@cristinasartori.net<\/a><\/p>\n<p>&nbsp;<\/p>\n<p>&nbsp;<\/p>\n","protected":false},"excerpt":{"rendered":"<p>Primo appuntamento del ciclo di incontri: ECONOMIA IN CAMMINO. LAVORO, CARRIERA E IMPATTO IL CORAGGIO DI ASCOLTARSI: LA SCOPERTA DEL PROPRIO PERCORSO Marted\u00ec 10 marzo 2026 \u2013 ore 18.15, Centro Universitario Zabarella, Padova Intervento di AGNESE BOSCOLO, Prof.ssa di Economia presso IIS Leonardo da Vinci di Padova, MSc Economics and Social Science Bocconi. Moderano: DILETTA [&hellip;]<\/p>\n","protected":false},"author":39,"featured_media":2057,"comment_status":"open","ping_status":"open","sticky":false,"template":"","format":"standard","meta":{"footnotes":""},"categories":[2,6],"tags":[],"class_list":["post-2056","post","type-post","status-publish","format-standard","has-post-thumbnail","hentry","category-attivita","category-giovani"],"_links":{"self":[{"href":"https:\/\/ucid.it\/sezionepadova\/wp-json\/wp\/v2\/posts\/2056","targetHints":{"allow":["GET"]}}],"collection":[{"href":"https:\/\/ucid.it\/sezionepadova\/wp-json\/wp\/v2\/posts"}],"about":[{"href":"https:\/\/ucid.it\/sezionepadova\/wp-json\/wp\/v2\/types\/post"}],"author":[{"embeddable":true,"href":"https:\/\/ucid.it\/sezionepadova\/wp-json\/wp\/v2\/users\/39"}],"replies":[{"embeddable":true,"href":"https:\/\/ucid.it\/sezionepadova\/wp-json\/wp\/v2\/comments?post=2056"}],"version-history":[{"count":2,"href":"https:\/\/ucid.it\/sezionepadova\/wp-json\/wp\/v2\/posts\/2056\/revisions"}],"predecessor-version":[{"id":2061,"href":"https:\/\/ucid.it\/sezionepadova\/wp-json\/wp\/v2\/posts\/2056\/revisions\/2061"}],"wp:featuredmedia":[{"embeddable":true,"href":"https:\/\/ucid.it\/sezionepadova\/wp-json\/wp\/v2\/media\/2057"}],"wp:attachment":[{"href":"https:\/\/ucid.it\/sezionepadova\/wp-json\/wp\/v2\/media?parent=2056"}],"wp:term":[{"taxonomy":"category","embeddable":true,"href":"https:\/\/ucid.it\/sezionepadova\/wp-json\/wp\/v2\/categories?post=2056"},{"taxonomy":"post_tag","embeddable":true,"href":"https:\/\/ucid.it\/sezionepadova\/wp-json\/wp\/v2\/tags?post=2056"}],"curies":[{"name":"wp","href":"https:\/\/api.w.org\/{rel}","templated":true}]}}