{"id":2062,"date":"2026-03-11T17:13:28","date_gmt":"2026-03-11T17:13:28","guid":{"rendered":"https:\/\/ucid.it\/sezionepadova\/?p=2062"},"modified":"2026-03-11T17:34:57","modified_gmt":"2026-03-11T17:34:57","slug":"il-coraggio-di-ascoltarsi-la-scoperta-del-proprio-percorso","status":"publish","type":"post","link":"https:\/\/ucid.it\/sezionepadova\/2026\/03\/11\/il-coraggio-di-ascoltarsi-la-scoperta-del-proprio-percorso\/","title":{"rendered":"IL CORAGGIO DI ASCOLTARSI: LA SCOPERTA DEL PROPRIO PERCORSO"},"content":{"rendered":"<p>&nbsp;<\/p>\n<p><a href=\"https:\/\/ucid.it\/sezionepadova\/wp-content\/uploads\/sites\/115\/2026\/03\/economia-in-cammino-10_03_026-3.jpeg\"><img loading=\"lazy\" decoding=\"async\" class=\"alignleft size-medium wp-image-2063\" src=\"https:\/\/ucid.it\/sezionepadova\/wp-content\/uploads\/sites\/115\/2026\/03\/economia-in-cammino-10_03_026-3-225x300.jpeg\" alt=\"\" width=\"225\" height=\"300\" srcset=\"https:\/\/ucid.it\/sezionepadova\/wp-content\/uploads\/sites\/115\/2026\/03\/economia-in-cammino-10_03_026-3-225x300.jpeg 225w, https:\/\/ucid.it\/sezionepadova\/wp-content\/uploads\/sites\/115\/2026\/03\/economia-in-cammino-10_03_026-3-768x1024.jpeg 768w, https:\/\/ucid.it\/sezionepadova\/wp-content\/uploads\/sites\/115\/2026\/03\/economia-in-cammino-10_03_026-3-1152x1536.jpeg 1152w, https:\/\/ucid.it\/sezionepadova\/wp-content\/uploads\/sites\/115\/2026\/03\/economia-in-cammino-10_03_026-3.jpeg 1536w\" sizes=\"auto, (max-width: 225px) 100vw, 225px\" \/><\/a>IL CORAGGIO DI ASCOLTARSI: LA SCOPERTA DEL PROPRIO PERCORSO<\/p>\n<p>Si \u00e8 svolto marted\u00ec 10 marzo al Centro Universitario Zabarella di Padova il primo incontro del ciclo ECONOMIA IN CAMMINO, organizzato da UCID Padova, FUCI, Economy of Francesco, Economia di Comunione. Moderatori Diletta Pasqualotto e Vittorio Zelco.<\/p>\n<p>Ha portato la sua testimonianza ai presenti \u2013 studenti universitari e studenti degli Istituti di Secondo Grado \u2013 Agnese Boscolo, Prof.ssa di Economia presso IIS Leonardo da Vinci di Padova, MSc Economics and Social Science Bocconi, che ha scelto di lasciare una promettente carriera nella finanza internazionale per dedicarsi all\u2019ambito dell\u2019orientamento e della formazione dopo aver vissuto importanti esperienze all\u2019estero, in Kuwait e in Russia. Nella ricerca di un percorso professionale in sintonia con la sua evoluzione interiore, ha analizzato queste esperienze alla luce di un nuovo punto di vista che ha condiviso ieri con i giovani che si stanno affacciando al mondo del lavoro: \u00abQueste esperienze lavorative all\u2019estero, in paesi cos\u00ec distanti dalla nostra mentalit\u00e0, mi hanno costretta ad uscire dalla mia zona di confort e a pormi in modo nuovo dinanzi alla diversit\u00e0: o tornavo a casa con un senso di chiusura, o quell&#8217;esercizio di aprire il mio giudizio sulle cose mi poteva insegnare a diventare \u201celastica\u201d. Ampliare questo aspetto \u00e8 stato per me un esercizio di &#8220;stretching&#8221; su tantissime cose: su come erano i miei affetti; le mie realt\u00e0; i miei valori e le modalit\u00e0 di ogni tipo. Dover cambiare la prospettiva mi ha permesso di riaffermare la mia identit\u00e0 personale e professionale. In questo senso il mio cambiamento non \u00e8 stato un passo indietro, ma una grande ricchezza che ho potuto maturare in quel periodo universitario e lavorativo, occasione per entrare in contatto con tante cose. Questo tentativo di \u201cuscire da me\u201d mi ha fatto ritrovare la mia pienezza anche professionale.\u00bb<\/p>\n<p>Il prossimo appuntamento dal titolo LE GEOGRAFIE DELLA SCELTA: DOVE PUO\u2019 CONDURTI IL TUO PERCORSO si terr\u00e0 marted\u00ec 21 aprile, sempre al Centro Universitario Zabarella (PD) alle ore 18.15. Relatore Francesco Polo (Direttore generale Federazione Nord-est Credito Cooperativo Italiano).<\/p>\n","protected":false},"excerpt":{"rendered":"<p>&nbsp; IL CORAGGIO DI ASCOLTARSI: LA SCOPERTA DEL PROPRIO PERCORSO Si \u00e8 svolto marted\u00ec 10 marzo al Centro Universitario Zabarella di Padova il primo incontro del ciclo ECONOMIA IN CAMMINO, organizzato da UCID Padova, FUCI, Economy of Francesco, Economia di Comunione. Moderatori Diletta Pasqualotto e Vittorio Zelco. Ha portato la sua testimonianza ai presenti \u2013 [&hellip;]<\/p>\n","protected":false},"author":39,"featured_media":0,"comment_status":"open","ping_status":"open","sticky":false,"template":"","format":"standard","meta":{"footnotes":""},"categories":[6],"tags":[43,154,153],"class_list":["post-2062","post","type-post","status-publish","format-standard","hentry","category-giovani","tag-economia","tag-giovani","tag-percorsoprofessionale"],"_links":{"self":[{"href":"https:\/\/ucid.it\/sezionepadova\/wp-json\/wp\/v2\/posts\/2062","targetHints":{"allow":["GET"]}}],"collection":[{"href":"https:\/\/ucid.it\/sezionepadova\/wp-json\/wp\/v2\/posts"}],"about":[{"href":"https:\/\/ucid.it\/sezionepadova\/wp-json\/wp\/v2\/types\/post"}],"author":[{"embeddable":true,"href":"https:\/\/ucid.it\/sezionepadova\/wp-json\/wp\/v2\/users\/39"}],"replies":[{"embeddable":true,"href":"https:\/\/ucid.it\/sezionepadova\/wp-json\/wp\/v2\/comments?post=2062"}],"version-history":[{"count":3,"href":"https:\/\/ucid.it\/sezionepadova\/wp-json\/wp\/v2\/posts\/2062\/revisions"}],"predecessor-version":[{"id":2066,"href":"https:\/\/ucid.it\/sezionepadova\/wp-json\/wp\/v2\/posts\/2062\/revisions\/2066"}],"wp:attachment":[{"href":"https:\/\/ucid.it\/sezionepadova\/wp-json\/wp\/v2\/media?parent=2062"}],"wp:term":[{"taxonomy":"category","embeddable":true,"href":"https:\/\/ucid.it\/sezionepadova\/wp-json\/wp\/v2\/categories?post=2062"},{"taxonomy":"post_tag","embeddable":true,"href":"https:\/\/ucid.it\/sezionepadova\/wp-json\/wp\/v2\/tags?post=2062"}],"curies":[{"name":"wp","href":"https:\/\/api.w.org\/{rel}","templated":true}]}}