{"id":2078,"date":"2026-04-14T13:55:50","date_gmt":"2026-04-14T13:55:50","guid":{"rendered":"https:\/\/ucid.it\/sezionepadova\/?p=2078"},"modified":"2026-04-14T13:55:50","modified_gmt":"2026-04-14T13:55:50","slug":"ucid-esprime-solidarieta-a-papa-leone-xiv","status":"publish","type":"post","link":"https:\/\/ucid.it\/sezionepadova\/2026\/04\/14\/ucid-esprime-solidarieta-a-papa-leone-xiv\/","title":{"rendered":"UCID esprime solidariet\u00e0 a Papa Leone XIV"},"content":{"rendered":"<p><a href=\"https:\/\/ucid.it\/sezionepadova\/wp-content\/uploads\/sites\/115\/2026\/04\/Papa-Leone-XIV.jpg\"><img loading=\"lazy\" decoding=\"async\" class=\"alignleft size-medium wp-image-2079\" src=\"https:\/\/ucid.it\/sezionepadova\/wp-content\/uploads\/sites\/115\/2026\/04\/Papa-Leone-XIV-300x169.jpg\" alt=\"\" width=\"300\" height=\"169\" srcset=\"https:\/\/ucid.it\/sezionepadova\/wp-content\/uploads\/sites\/115\/2026\/04\/Papa-Leone-XIV-300x169.jpg 300w, https:\/\/ucid.it\/sezionepadova\/wp-content\/uploads\/sites\/115\/2026\/04\/Papa-Leone-XIV.jpg 768w\" sizes=\"auto, (max-width: 300px) 100vw, 300px\" \/><\/a><\/p>\n<p>UCID esprime piena solidariet\u00e0 a Sua Santit\u00e0 Leone XIV dopo gli attacchi subiti dal presidente U.S.A. Donald Trump.<\/p>\n<p>&nbsp;<\/p>\n<p>&nbsp;<\/p>\n<p>&nbsp;<\/p>\n<p>UCID esprime piena solidariet\u00e0 e convinta vicinanza a Sua Santit\u00e0 Leone XIV per le parole chiare e coraggiose con cui ha riaffermato il primato della pace, del dialogo tra i popoli e della responsabilit\u00e0 morale davanti alla guerra.<\/p>\n<p>In una stagione segnata da violenza, tensioni internazionali e linguaggi sempre pi\u00f9 aggressivi, la voce del Santo Padre richiama con forza ci\u00f2 che non pu\u00f2 essere smarrito: la dignit\u00e0 della persona, il valore della pace, il dovere della verit\u00e0, il rifiuto di ogni logica di sopraffazione.<\/p>\n<p>&#8220;Come UCID, sentiamo questo richiamo come particolarmente urgente. Non pu\u00f2 esservi economia sana senza pace. Non pu\u00f2 esservi impresa giusta senza rispetto dell\u2019uomo. Non pu\u00f2 esservi sviluppo autentico dove prevalgono paura, conflitto e contrapposizione. Per questo guardiamo con rispetto e riconoscenza alla fermezza di Leone XIV, che ha scelto di non lasciarsi intimidire e di continuare a testimoniare, con libert\u00e0 evangelica, una parola limpida contro la guerra e contro ogni uso improprio del messaggio cristiano per finalit\u00e0 di potere o di parte&#8221; sottolinea il presidente, Paolo Porrino.<\/p>\n<p>La testimonianza del Santo Padre interpella anche il mondo economico e sociale, continua il presidente: &#8220;l&#8217;impresa non \u00e8 soltanto produzione di reddito, ma responsabilit\u00e0, coesione, lavoro, futuro. Essa \u00e8 chiamata a servire il bene comune, a custodire la dignit\u00e0 delle persone e a concorrere alla costruzione di una societ\u00e0 pi\u00f9 giusta e pi\u00f9 umana. Rinnoviamo dunque la nostra piena vicinanza al Santo Padre e ci uniamo al suo appello affinch\u00e9 prevalgano la pace sulla forza, il dialogo sulla contrapposizione, la coscienza morale sugli interessi immediati&#8221;.<\/p>\n<p>Nel solco della Dottrina Sociale della Chiesa, Ucid intende confermare l&#8217;impegno delle imprenditrici e degli imprenditori a essere, anche nel mondo dell\u2019impresa, costruttori di pace, di giustizia e di bene comune.<\/p>\n<p>L\u2019UCID associa in Italia oltre 3.000 imprenditori e dirigenti ispirati alla dottrina sociale della Chiesa ed \u00e8 emanazione diretta della Conferenza Episcopale Italiana (CEI).<\/p>\n<p>&nbsp;<\/p>\n<p>&nbsp;<\/p>\n<blockquote class=\"wp-embedded-content\" data-secret=\"RSBfxdK2X9\"><p><a href=\"https:\/\/ucid.it\/blog\/2026\/04\/14\/comunicato-stampa-ucid-esprime-piena-solidalita-a-sua-santita-leone-xiv\/\">Comunicato stampa.UCID esprime piena solidalit\u00e0 a Sua Santita Leone XIV<\/a><\/p><\/blockquote>\n<p><iframe loading=\"lazy\" class=\"wp-embedded-content\" sandbox=\"allow-scripts\" security=\"restricted\" style=\"position: absolute; visibility: hidden;\" title=\"&#8220;Comunicato stampa.&lt;br&gt;UCID esprime piena solidalit\u00e0 a Sua Santita Leone XIV&#8221; &#8212; UCID - Unione Cristiana Imprenditori Dirigenti\" src=\"https:\/\/ucid.it\/blog\/2026\/04\/14\/comunicato-stampa-ucid-esprime-piena-solidalita-a-sua-santita-leone-xiv\/embed\/#?secret=fNvpGo1BPe#?secret=RSBfxdK2X9\" data-secret=\"RSBfxdK2X9\" width=\"500\" height=\"282\" frameborder=\"0\" marginwidth=\"0\" marginheight=\"0\" scrolling=\"no\"><\/iframe><\/p>\n","protected":false},"excerpt":{"rendered":"<p>UCID esprime piena solidariet\u00e0 a Sua Santit\u00e0 Leone XIV dopo gli attacchi subiti dal presidente U.S.A. Donald Trump. &nbsp; &nbsp; &nbsp; UCID esprime piena solidariet\u00e0 e convinta vicinanza a Sua Santit\u00e0 Leone XIV per le parole chiare e coraggiose con cui ha riaffermato il primato della pace, del dialogo tra i popoli e della responsabilit\u00e0 [&hellip;]<\/p>\n","protected":false},"author":39,"featured_media":2079,"comment_status":"open","ping_status":"open","sticky":false,"template":"","format":"standard","meta":{"footnotes":""},"categories":[3],"tags":[],"class_list":["post-2078","post","type-post","status-publish","format-standard","has-post-thumbnail","hentry","category-attualita"],"_links":{"self":[{"href":"https:\/\/ucid.it\/sezionepadova\/wp-json\/wp\/v2\/posts\/2078","targetHints":{"allow":["GET"]}}],"collection":[{"href":"https:\/\/ucid.it\/sezionepadova\/wp-json\/wp\/v2\/posts"}],"about":[{"href":"https:\/\/ucid.it\/sezionepadova\/wp-json\/wp\/v2\/types\/post"}],"author":[{"embeddable":true,"href":"https:\/\/ucid.it\/sezionepadova\/wp-json\/wp\/v2\/users\/39"}],"replies":[{"embeddable":true,"href":"https:\/\/ucid.it\/sezionepadova\/wp-json\/wp\/v2\/comments?post=2078"}],"version-history":[{"count":1,"href":"https:\/\/ucid.it\/sezionepadova\/wp-json\/wp\/v2\/posts\/2078\/revisions"}],"predecessor-version":[{"id":2080,"href":"https:\/\/ucid.it\/sezionepadova\/wp-json\/wp\/v2\/posts\/2078\/revisions\/2080"}],"wp:featuredmedia":[{"embeddable":true,"href":"https:\/\/ucid.it\/sezionepadova\/wp-json\/wp\/v2\/media\/2079"}],"wp:attachment":[{"href":"https:\/\/ucid.it\/sezionepadova\/wp-json\/wp\/v2\/media?parent=2078"}],"wp:term":[{"taxonomy":"category","embeddable":true,"href":"https:\/\/ucid.it\/sezionepadova\/wp-json\/wp\/v2\/categories?post=2078"},{"taxonomy":"post_tag","embeddable":true,"href":"https:\/\/ucid.it\/sezionepadova\/wp-json\/wp\/v2\/tags?post=2078"}],"curies":[{"name":"wp","href":"https:\/\/api.w.org\/{rel}","templated":true}]}}