{"id":464,"date":"2016-11-03T14:05:27","date_gmt":"2016-11-03T14:05:27","guid":{"rendered":"http:\/\/ucid.it\/sezionepadova\/?p=464"},"modified":"2016-11-03T14:06:32","modified_gmt":"2016-11-03T14:06:32","slug":"la-centralita-delluomo-principio-cardine-della-dottrina-sociale-della-chiesa","status":"publish","type":"post","link":"https:\/\/ucid.it\/sezionepadova\/2016\/11\/03\/la-centralita-delluomo-principio-cardine-della-dottrina-sociale-della-chiesa\/","title":{"rendered":"La centralit\u00e0 dell&#8217;uomo, principio cardine della dottrina sociale della Chiesa"},"content":{"rendered":"<p><a href=\"http:\/\/ucid.it\/sezionepadova\/wp-content\/uploads\/sites\/115\/2016\/11\/Pane.jpg\"><img loading=\"lazy\" decoding=\"async\" class=\" wp-image-467\" src=\"http:\/\/ucid.it\/sezionepadova\/wp-content\/uploads\/sites\/115\/2016\/11\/Pane-1024x584.jpg\" alt=\"Bread\" width=\"237\" height=\"135\" srcset=\"https:\/\/ucid.it\/sezionepadova\/wp-content\/uploads\/sites\/115\/2016\/11\/Pane.jpg 1024w, https:\/\/ucid.it\/sezionepadova\/wp-content\/uploads\/sites\/115\/2016\/11\/Pane-300x171.jpg 300w, https:\/\/ucid.it\/sezionepadova\/wp-content\/uploads\/sites\/115\/2016\/11\/Pane-768x438.jpg 768w\" sizes=\"auto, (max-width: 237px) 100vw, 237px\" \/><\/a><\/p>\n<p>\u201cOgni persona \u00e8 immagine di Dio. Da questo deriva la sua dignit\u00e0\u201d. <strong>Don Marco Cagol, vicario episcopale per le relazioni con il territorio e consulente ecclesiastico della sezione di Padova dell\u2019Ucid,<\/strong> Unione cristiana imprenditori dirigenti, ha aperto cos\u00ec, lo scorso 28 ottobre, il primo degli incontri sul tema della dignit\u00e0 organizzati dalla sezione.<\/p>\n<p>\u201cLa centralit\u00e0 dell\u2019uomo \u00e8 il principio cardine della dottrina sociale della chiesa\u201d, ha detto. Un \u201cassioma\u201d (nessuno, in quanto figlio di Dio, potr\u00e0 mai perdere la propria dignit\u00e0) che viene richiamato anche dal Catechismo della chiesa cattolica (357): \u201cEssendo ad immagine di Dio, l&#8217;individuo umano ha la dignit\u00e0 di\u00a0persona; non \u00e8 soltanto qualche cosa, ma qualcuno. \u00c8 capace di conoscersi, di possedersi, di liberamente donarsi e di entrare in comunione con altre persone; \u00e8 chiamato, per grazia, ad un&#8217;alleanza con il suo Creatore, a dargli una risposta di fede e di amore che nessun altro pu\u00f2 dare in sua sostituzione\u201d. \u201cL\u2019uomo \u00e8 dunque l\u2019unica creatura capace di Dio, cio\u00e8 in grado di interloquire con Lui \u2013 ha spiegato don Cagol \u2013 Di pi\u00f9: abbiamo la necessit\u00e0 di cercarlo, di tendere a Lui. Solo cos\u00ec troveremo la nostra pienezza\u201d. Il presbitero ha quindi fatto riferimento ad una relazione originaria che si esprime in primo luogo come \u201cdomanda di Dio\u201d e, successivamente, come \u201cdialogo con le altre creature\u201d. D\u2019altronde, ha ricordato, l\u2019uomo esce dalle Sue mani maschio o femmina: non \u00e8 chiuso in s\u00e9 stesso, ma porta dentro una dimensione relazionale. \u201cL\u2019altro, in quanto riflesso di Dio, \u00e8 appagante possibilit\u00e0 di confronto vitale\u201d. \u201cAmerai il tuo prossimo come te stesso (Lv 19, 18); \u00a0\u201cLa\u00a0vita umana \u00e8 sacra\u201d (ccc 2258). \u201cAncora una volta ci vengono in aiuto la Bibbia e il Catechismo della chiesa cattolica \u2013 ha aggiunto \u2013 a dire che ogni persona diventa affidataria della vita degli altri\u201d. Lo stesso don Marco ha poi sottolineato che \u201cla dignit\u00e0 passa anche attraverso le attivit\u00e0 della chiesa\u201d. \u201cPerch\u00e9, oltre che di Dio, si occupa pure di lavoro, economia e politica?\u201d, si \u00e8 chiesto. La risposta \u00e8 semplice: non pu\u00f2 abbandonare nessun luogo in cui l\u2019uomo si trova a vivere. \u201cOgni creatura dovrebbe essere capace di trasfigurare tutte le realt\u00e0. Mediante il lavoro, ad esempio, il singolo pu\u00f2 fare esperienza di Dio e avvicinarsi, a Sua immagine, a Lui\u201d.<\/p>\n<p>Cinque i profili di dignit\u00e0 individuati dal Compendio \u00a0della Dottrina Sociale della Chiesa: l\u2019unit\u00e0 della persona tra anima e corpo, materia e spirito; l\u2019apertura alla trascendenza; libert\u00e0, intesa come profilo che manifesta la somiglianza dell\u2019uomo con Dio; l\u2019uguaglianza (siamo tutti uguali in quanto suoi figli); la socialit\u00e0. Don Marco ha inoltre precisato che \u201cil fatto che alcune persone non siano consapevoli di s\u00e9 stesse \u2013 perch\u00e9 magari sono ancora nel grembo o in uno stato non cosciente \u2013 non significa che non posseggano la dignit\u00e0\u201d. Ha inoltre portato il caso dell\u2019embrione: creatura o no? \u201cSgombriamo il campo da ogni dubbio: \u00e8 a tutti gli effetti un essere umano: nel momento in cui esiste, c\u2019\u00e8, ha in s\u00e9 stesso la sua dignit\u00e0. Ha i tratti dell\u2019unicit\u00e0, propri di ogni essere umano\u201d. Infine, una pennellata sulla storia della salvezza: \u201cSe \u00e8 vero che siamo tutti peccatori, \u00e8 altrettanto vero che Cristo \u00e8 venuto a redimere l\u2019uomo. Ha vinto anche la morte. In questo sta la nostra salvezza\/liberazione\u201d.<\/p>\n<p>&nbsp;<\/p>\n<p>&nbsp;<\/p>\n<p>&nbsp;<\/p>\n","protected":false},"excerpt":{"rendered":"<p>\u201cOgni persona \u00e8 immagine di Dio. Da questo deriva la sua dignit\u00e0\u201d. Don Marco Cagol, vicario episcopale per le relazioni con il territorio e consulente ecclesiastico della sezione di Padova dell\u2019Ucid, Unione cristiana imprenditori dirigenti, ha aperto cos\u00ec, lo scorso 28 ottobre, il primo degli incontri sul tema della dignit\u00e0 organizzati dalla sezione. \u201cLa centralit\u00e0 [&hellip;]<\/p>\n","protected":false},"author":39,"featured_media":467,"comment_status":"closed","ping_status":"closed","sticky":false,"template":"","format":"standard","meta":{"footnotes":""},"categories":[2],"tags":[],"class_list":["post-464","post","type-post","status-publish","format-standard","has-post-thumbnail","hentry","category-attivita"],"_links":{"self":[{"href":"https:\/\/ucid.it\/sezionepadova\/wp-json\/wp\/v2\/posts\/464","targetHints":{"allow":["GET"]}}],"collection":[{"href":"https:\/\/ucid.it\/sezionepadova\/wp-json\/wp\/v2\/posts"}],"about":[{"href":"https:\/\/ucid.it\/sezionepadova\/wp-json\/wp\/v2\/types\/post"}],"author":[{"embeddable":true,"href":"https:\/\/ucid.it\/sezionepadova\/wp-json\/wp\/v2\/users\/39"}],"replies":[{"embeddable":true,"href":"https:\/\/ucid.it\/sezionepadova\/wp-json\/wp\/v2\/comments?post=464"}],"version-history":[{"count":0,"href":"https:\/\/ucid.it\/sezionepadova\/wp-json\/wp\/v2\/posts\/464\/revisions"}],"wp:featuredmedia":[{"embeddable":true,"href":"https:\/\/ucid.it\/sezionepadova\/wp-json\/wp\/v2\/media\/467"}],"wp:attachment":[{"href":"https:\/\/ucid.it\/sezionepadova\/wp-json\/wp\/v2\/media?parent=464"}],"wp:term":[{"taxonomy":"category","embeddable":true,"href":"https:\/\/ucid.it\/sezionepadova\/wp-json\/wp\/v2\/categories?post=464"},{"taxonomy":"post_tag","embeddable":true,"href":"https:\/\/ucid.it\/sezionepadova\/wp-json\/wp\/v2\/tags?post=464"}],"curies":[{"name":"wp","href":"https:\/\/api.w.org\/{rel}","templated":true}]}}