{"id":477,"date":"2016-11-28T13:30:19","date_gmt":"2016-11-28T13:30:19","guid":{"rendered":"http:\/\/ucid.it\/sezionepadova\/?p=477"},"modified":"2016-11-28T13:30:29","modified_gmt":"2016-11-28T13:30:29","slug":"giustizia-un-paese-ingessato-da-250mila-leggi","status":"publish","type":"post","link":"https:\/\/ucid.it\/sezionepadova\/2016\/11\/28\/giustizia-un-paese-ingessato-da-250mila-leggi\/","title":{"rendered":"Giustizia, un Paese &#8220;ingessato&#8221; da 250mila leggi"},"content":{"rendered":"<p><a href=\"http:\/\/ucid.it\/sezionepadova\/wp-content\/uploads\/sites\/115\/2016\/11\/bilancia.jpg\"><img loading=\"lazy\" decoding=\"async\" class=\"alignleft wp-image-479\" src=\"http:\/\/ucid.it\/sezionepadova\/wp-content\/uploads\/sites\/115\/2016\/11\/bilancia-1024x877.jpg\" alt=\"bilancia\" width=\"197\" height=\"169\" srcset=\"https:\/\/ucid.it\/sezionepadova\/wp-content\/uploads\/sites\/115\/2016\/11\/bilancia.jpg 1024w, https:\/\/ucid.it\/sezionepadova\/wp-content\/uploads\/sites\/115\/2016\/11\/bilancia-300x257.jpg 300w, https:\/\/ucid.it\/sezionepadova\/wp-content\/uploads\/sites\/115\/2016\/11\/bilancia-768x658.jpg 768w\" sizes=\"auto, (max-width: 197px) 100vw, 197px\" \/><\/a>\u201cSe dovessi dare dei contorni al concetto di giustizia direi che prima di tutto \u00e8 un dovere e una speranza\u201d. Il presidente onorario aggiunto della Corte di Cassazione <strong>Renato Rizzo<\/strong> si \u00e8 espresso cos\u00ec all\u2019incontro \u201cLa dignit\u00e0 e la giustizia\u201d, organizzato dall\u2019Ucid (Unione cristiana imprenditori dirigenti) Padova, che si \u00e8 tenuto lo scorso 18 novembre all\u2019Antonianum. Si \u00e8 addentrato nell\u2019argomento rifacendosi in primo luogo all\u2019articolo 3 della nostra Costituzione: \u201cTutti i cittadini hanno pari dignit\u00e0 sociale e sono eguali davanti alla legge, senza distinzioni di sesso, di razza, di lingua, di religione, di opinioni politiche, di condizioni personali e sociali\u201d.<\/p>\n<p>Le sue analisi, frutto di quarant\u2019anni di lavoro \u201csul campo\u201d, hanno fatto riflettere il pubblico presente in sala. E\u2019 nell\u2019antica Roma, ha spiegato, che \u00e8 nato il principio della giustizia. Famosissima la locuzione latina del tempo che recita testualmente: \u201cIus est ars boni et aequi\u201d. Cio\u00e8 \u201cIl diritto \u00e8 l&#8217;arte di ci\u00f2 che \u00e8 buono ed equo\u201d\u00a0(Celso, II secolo dopo Cristo).\u00a0Di pari passo va un\u2019altra locuzione dell\u2019epoca: \u201cIuris praecepta sunt haec: honeste vivere, alterum non laedere, suum cuique tribuere\u201d. In Italiano: \u201cLe regole del diritto sono queste: vivere onestamente, non recare danno ad altri, attribuire a ciascuno il suo\u201d. \u201cServiva un modo per mantenere l\u2019ordine pubblico, una soluzione pratica \u2013 ha detto \u2013 Tuttavia, i Romani si sono presto accorti che cos\u00ec definita la giustizia risultava impalpabile. Da qui, da questo vuoto, ha mosso i primi passi l\u2019idea di una giustizia trascendente, peraltro propria del Cristianesimo\u201d. In altri termini, ha aggiunto, \u201cuna universalit\u00e0 di concetti semplici, morali e condivisibili da tutti. In questo contesto viene considerato giusto ci\u00f2 che afferisce a Dio\u201d.<\/p>\n<p>Oggi invece siamo passati all\u2019estremo opposto: \u201cC\u2019\u00e8 la tendenza di trasformare in diritto quello che, in realt\u00e0, \u00e8 soltanto un bisogno personale. Succede cos\u00ec, ad esempio, con la fecondazione assistita o con l\u2019eutanasia\u201d. \u201cI diritti veri sono ben altri. Mi riferisco a quelli inalienabili dell\u2019uomo sanciti dalla Dichiarazione Universale del 1948; nel testo si evince che la giustizia \u00e8 legata a doppia mandata con la dignit\u00e0. Il problema \u00e8 che molto spesso tale principio rimane inapplicato. I diritti umani sono continuamente violati in ogni parte del mondo: assistiamo ad una contraddizione tra quanto prescrive la teoria e la pratica, la vita concreta\u201d. Rizzo ha poi dato alcune pennellate sul funzionamento della giustizia in Italia: \u201c<strong>Nel nostro Paese esistono 250mila leggi. Un\u2019enormit\u00e0 se pensiamo che in Inghilterra e in Germania ce ne sono 30mila e in Francia 50mila<\/strong>. Servirebbero poche norme e onnicomprensive. Al contrario, noi preferiamo quelle leggi che rispondono agli umori del momento: cos\u00ec per\u00f2 finisce che le ultime sbugiardano le precedenti. La seconda criticit\u00e0 riguarda la magistratura, una casta secondo molti. Diciamo che talvolta l\u2019imparzialit\u00e0 latita. In ogni caso dovrebbe essere espressione di un servizio, non di un potere\u201d. Il presidente ha pure riservato una stilettata a certa stampa: colpevole, a suo dire, \u201cdi travisare la realt\u00e0 con titoli fuorvianti. Da un lato lo scopo degli editori \u00e8 vendere i giornali, dall\u2019altro lato si rischia di deformare l\u2019opinione pubblica\u201d. Un passaggio l\u2019ha pure riservato alle strutture penitenziarie. \u201cDovrebbero essere degli strumenti di rieducazione dei condannati. Purtroppo mancano i mezzi, spesso c\u2019\u00e8 un assistente sociale ogni 100 detenuti\u201d. Rizzo ha infine ha sottolineato l\u2019importanza di \u201csuperare il conflitto fra gli uomini. Il Giubileo della Misericordia ha gettato diversi sprazzi di luce in questo senso\u201d.<\/p>\n","protected":false},"excerpt":{"rendered":"<p>\u201cSe dovessi dare dei contorni al concetto di giustizia direi che prima di tutto \u00e8 un dovere e una speranza\u201d. Il presidente onorario aggiunto della Corte di Cassazione Renato Rizzo si \u00e8 espresso cos\u00ec all\u2019incontro \u201cLa dignit\u00e0 e la giustizia\u201d, organizzato dall\u2019Ucid (Unione cristiana imprenditori dirigenti) Padova, che si \u00e8 tenuto lo scorso 18 novembre [&hellip;]<\/p>\n","protected":false},"author":39,"featured_media":479,"comment_status":"closed","ping_status":"closed","sticky":false,"template":"","format":"standard","meta":{"footnotes":""},"categories":[2],"tags":[],"class_list":["post-477","post","type-post","status-publish","format-standard","has-post-thumbnail","hentry","category-attivita"],"_links":{"self":[{"href":"https:\/\/ucid.it\/sezionepadova\/wp-json\/wp\/v2\/posts\/477","targetHints":{"allow":["GET"]}}],"collection":[{"href":"https:\/\/ucid.it\/sezionepadova\/wp-json\/wp\/v2\/posts"}],"about":[{"href":"https:\/\/ucid.it\/sezionepadova\/wp-json\/wp\/v2\/types\/post"}],"author":[{"embeddable":true,"href":"https:\/\/ucid.it\/sezionepadova\/wp-json\/wp\/v2\/users\/39"}],"replies":[{"embeddable":true,"href":"https:\/\/ucid.it\/sezionepadova\/wp-json\/wp\/v2\/comments?post=477"}],"version-history":[{"count":0,"href":"https:\/\/ucid.it\/sezionepadova\/wp-json\/wp\/v2\/posts\/477\/revisions"}],"wp:featuredmedia":[{"embeddable":true,"href":"https:\/\/ucid.it\/sezionepadova\/wp-json\/wp\/v2\/media\/479"}],"wp:attachment":[{"href":"https:\/\/ucid.it\/sezionepadova\/wp-json\/wp\/v2\/media?parent=477"}],"wp:term":[{"taxonomy":"category","embeddable":true,"href":"https:\/\/ucid.it\/sezionepadova\/wp-json\/wp\/v2\/categories?post=477"},{"taxonomy":"post_tag","embeddable":true,"href":"https:\/\/ucid.it\/sezionepadova\/wp-json\/wp\/v2\/tags?post=477"}],"curies":[{"name":"wp","href":"https:\/\/api.w.org\/{rel}","templated":true}]}}