{"id":547,"date":"2017-03-22T17:00:40","date_gmt":"2017-03-22T17:00:40","guid":{"rendered":"http:\/\/ucid.it\/sezionepadova\/?p=547"},"modified":"2017-03-22T17:04:16","modified_gmt":"2017-03-22T17:04:16","slug":"la-dignita-e-la-manifattura-4-0","status":"publish","type":"post","link":"https:\/\/ucid.it\/sezionepadova\/2017\/03\/22\/la-dignita-e-la-manifattura-4-0\/","title":{"rendered":"La dignit\u00e0 e la manifattura 4.0"},"content":{"rendered":"<p><em><a href=\"http:\/\/ucid.it\/sezionepadova\/wp-content\/uploads\/sites\/115\/2016\/02\/lavoro.jpg\"><img loading=\"lazy\" decoding=\"async\" class=\"alignleft wp-image-329\" src=\"http:\/\/ucid.it\/sezionepadova\/wp-content\/uploads\/sites\/115\/2016\/02\/lavoro-1024x683.jpg\" alt=\"\" width=\"228\" height=\"152\" srcset=\"https:\/\/ucid.it\/sezionepadova\/wp-content\/uploads\/sites\/115\/2016\/02\/lavoro.jpg 1024w, https:\/\/ucid.it\/sezionepadova\/wp-content\/uploads\/sites\/115\/2016\/02\/lavoro-300x200.jpg 300w, https:\/\/ucid.it\/sezionepadova\/wp-content\/uploads\/sites\/115\/2016\/02\/lavoro-768x512.jpg 768w\" sizes=\"auto, (max-width: 228px) 100vw, 228px\" \/><\/a>La dignit\u00e0 e la manifattura 4.0<\/em> \u00e8\u00a0il tema al centro dell&#8217;incontro mensile in programma venerd\u00ec 7 aprile, a partire dalle ore 20.45, presso il centro Oic di via Nazareth. Interverr\u00e0 <strong>Carlo Valerio, presidente Confapi Padova.<\/strong><\/p>\n<p>L&#8217;incontro \u00e8 preceduto come di consueto da una cena (prenotazione obbligatoria scrivendo una mail a ucidpadova@gmail.com).<\/p>\n<p>&nbsp;<\/p>\n","protected":false},"excerpt":{"rendered":"<p>La dignit\u00e0 e la manifattura 4.0 \u00e8\u00a0il tema al centro dell&#8217;incontro mensile in programma venerd\u00ec 7 aprile, a partire dalle ore 20.45, presso il centro Oic di via Nazareth. Interverr\u00e0 Carlo Valerio, presidente Confapi Padova. L&#8217;incontro \u00e8 preceduto come di consueto da una cena (prenotazione obbligatoria scrivendo una mail a ucidpadova@gmail.com). &nbsp;<\/p>\n","protected":false},"author":39,"featured_media":329,"comment_status":"open","ping_status":"open","sticky":false,"template":"","format":"standard","meta":{"footnotes":""},"categories":[2,5],"tags":[],"class_list":["post-547","post","type-post","status-publish","format-standard","has-post-thumbnail","hentry","category-attivita","category-formazione"],"_links":{"self":[{"href":"https:\/\/ucid.it\/sezionepadova\/wp-json\/wp\/v2\/posts\/547","targetHints":{"allow":["GET"]}}],"collection":[{"href":"https:\/\/ucid.it\/sezionepadova\/wp-json\/wp\/v2\/posts"}],"about":[{"href":"https:\/\/ucid.it\/sezionepadova\/wp-json\/wp\/v2\/types\/post"}],"author":[{"embeddable":true,"href":"https:\/\/ucid.it\/sezionepadova\/wp-json\/wp\/v2\/users\/39"}],"replies":[{"embeddable":true,"href":"https:\/\/ucid.it\/sezionepadova\/wp-json\/wp\/v2\/comments?post=547"}],"version-history":[{"count":0,"href":"https:\/\/ucid.it\/sezionepadova\/wp-json\/wp\/v2\/posts\/547\/revisions"}],"wp:featuredmedia":[{"embeddable":true,"href":"https:\/\/ucid.it\/sezionepadova\/wp-json\/wp\/v2\/media\/329"}],"wp:attachment":[{"href":"https:\/\/ucid.it\/sezionepadova\/wp-json\/wp\/v2\/media?parent=547"}],"wp:term":[{"taxonomy":"category","embeddable":true,"href":"https:\/\/ucid.it\/sezionepadova\/wp-json\/wp\/v2\/categories?post=547"},{"taxonomy":"post_tag","embeddable":true,"href":"https:\/\/ucid.it\/sezionepadova\/wp-json\/wp\/v2\/tags?post=547"}],"curies":[{"name":"wp","href":"https:\/\/api.w.org\/{rel}","templated":true}]}}