{"id":751,"date":"2018-05-23T20:57:47","date_gmt":"2018-05-23T20:57:47","guid":{"rendered":"http:\/\/ucid.it\/sezionepadova\/?p=751"},"modified":"2018-05-23T20:59:15","modified_gmt":"2018-05-23T20:59:15","slug":"famiglie-e-territori-scelte-e-valori-del-veneto-che-assiste-i-piu-fragili","status":"publish","type":"post","link":"https:\/\/ucid.it\/sezionepadova\/2018\/05\/23\/famiglie-e-territori-scelte-e-valori-del-veneto-che-assiste-i-piu-fragili\/","title":{"rendered":"Famiglie e territori, scelte e valori del Veneto che assiste i pi\u00f9 fragili"},"content":{"rendered":"<p>Famiglie e territori, scelte e valori del Veneto che assiste i pi\u00f9 fragili \u00e8 il tema di un importante convegno in programma venerd\u00ec 25 maggio presso il centro Civitas Vitae di Padova.<\/p>\n<p>L&#8217;appuntamento \u00e8 promosso da Uneba Unione nazionale istituzioni e iniziative di assistenza sociale.<\/p>\n<p><a href=\"http:\/\/ucid.it\/sezionepadova\/wp-content\/uploads\/sites\/115\/2018\/05\/uneba-veneto-volantino-NEW.pdf\">Vai al programma<\/a><\/p>\n","protected":false},"excerpt":{"rendered":"<p>Famiglie e territori, scelte e valori del Veneto che assiste i pi\u00f9 fragili \u00e8 il tema di un importante convegno in programma venerd\u00ec 25 maggio presso il centro Civitas Vitae di Padova. L&#8217;appuntamento \u00e8 promosso da Uneba Unione nazionale istituzioni e iniziative di assistenza sociale. Vai al programma<\/p>\n","protected":false},"author":39,"featured_media":227,"comment_status":"open","ping_status":"open","sticky":false,"template":"","format":"standard","meta":{"footnotes":""},"categories":[1],"tags":[],"class_list":["post-751","post","type-post","status-publish","format-standard","has-post-thumbnail","hentry","category-senza-categoria"],"_links":{"self":[{"href":"https:\/\/ucid.it\/sezionepadova\/wp-json\/wp\/v2\/posts\/751","targetHints":{"allow":["GET"]}}],"collection":[{"href":"https:\/\/ucid.it\/sezionepadova\/wp-json\/wp\/v2\/posts"}],"about":[{"href":"https:\/\/ucid.it\/sezionepadova\/wp-json\/wp\/v2\/types\/post"}],"author":[{"embeddable":true,"href":"https:\/\/ucid.it\/sezionepadova\/wp-json\/wp\/v2\/users\/39"}],"replies":[{"embeddable":true,"href":"https:\/\/ucid.it\/sezionepadova\/wp-json\/wp\/v2\/comments?post=751"}],"version-history":[{"count":0,"href":"https:\/\/ucid.it\/sezionepadova\/wp-json\/wp\/v2\/posts\/751\/revisions"}],"wp:featuredmedia":[{"embeddable":true,"href":"https:\/\/ucid.it\/sezionepadova\/wp-json\/wp\/v2\/media\/227"}],"wp:attachment":[{"href":"https:\/\/ucid.it\/sezionepadova\/wp-json\/wp\/v2\/media?parent=751"}],"wp:term":[{"taxonomy":"category","embeddable":true,"href":"https:\/\/ucid.it\/sezionepadova\/wp-json\/wp\/v2\/categories?post=751"},{"taxonomy":"post_tag","embeddable":true,"href":"https:\/\/ucid.it\/sezionepadova\/wp-json\/wp\/v2\/tags?post=751"}],"curies":[{"name":"wp","href":"https:\/\/api.w.org\/{rel}","templated":true}]}}