{"id":944,"date":"2019-02-19T11:53:28","date_gmt":"2019-02-19T11:53:28","guid":{"rendered":"http:\/\/ucid.it\/sezionepadova\/?p=944"},"modified":"2019-02-19T11:59:38","modified_gmt":"2019-02-19T11:59:38","slug":"documento-sulla-fratellanza-umana-papa-francesco","status":"publish","type":"post","link":"https:\/\/ucid.it\/sezionepadova\/2019\/02\/19\/documento-sulla-fratellanza-umana-papa-francesco\/","title":{"rendered":"&#8220;Documento sulla Fratellanza Umana&#8221; &#8211; Papa Francesco"},"content":{"rendered":"<p><a href=\"http:\/\/ucid.it\/sezionepadova\/wp-content\/uploads\/sites\/115\/2019\/02\/Santo-Padre_-EMIRATI-ARABI_2019.jpeg\"><img loading=\"lazy\" decoding=\"async\" class=\"alignleft size-medium wp-image-947\" src=\"http:\/\/ucid.it\/sezionepadova\/wp-content\/uploads\/sites\/115\/2019\/02\/Santo-Padre_-EMIRATI-ARABI_2019-300x169.jpeg\" alt=\"\" width=\"300\" height=\"169\" srcset=\"https:\/\/ucid.it\/sezionepadova\/wp-content\/uploads\/sites\/115\/2019\/02\/Santo-Padre_-EMIRATI-ARABI_2019-300x169.jpeg 300w, https:\/\/ucid.it\/sezionepadova\/wp-content\/uploads\/sites\/115\/2019\/02\/Santo-Padre_-EMIRATI-ARABI_2019-768x432.jpeg 768w, https:\/\/ucid.it\/sezionepadova\/wp-content\/uploads\/sites\/115\/2019\/02\/Santo-Padre_-EMIRATI-ARABI_2019.jpeg 1000w\" sizes=\"auto, (max-width: 300px) 100vw, 300px\" \/><\/a><\/p>\n<p>Dall\u2019incontro tra Sua Santit\u00e0 Papa Francesco e il Grande Imam di Al-Azhar Ahmad Al-Tayyeb, in occasione del recente viaggio apostolico negli Emirati Arabi (3-5 febbraio 2019) \u00e8 nata l\u2019idea di questo \u00abDocumento sulla Fratellanza Umana\u00bb . <em>Un documento \u2013 <\/em>come si legge nella Prefazione \u2013 \u00a0<em>ragionato con sincerit\u00e0 e seriet\u00e0 per essere una dichiarazione comune di buone e leali volont\u00e0, tale da invitare tutte le persone che portano nel cuore la fede in Dio e la fede nella fratellanza umana a unirsi e a lavorare insieme, affinch\u00e9 esso diventi una guida per le nuove generazioni verso la cultura del reciproco rispetto, nella comprensione della grande grazia divina che rende tutti gli esseri umani fratelli.<\/em><\/p>\n<p><em>Questa Dichiarazione<\/em> \u2013 si legge nella Conclusione del Documento &#8211; <em>sia un invito alla riconciliazione e alla fratellanza tra tutti i credenti, anzi tra i credenti e i non credenti, e tra tutte le persone di buona volont\u00e0; sia un appello a ogni coscienza viva che ripudia la violenza aberrante e l\u2019estremismo cieco; appello a chi ama i valori di tolleranza e di fratellanza, promossi e incoraggiati dalle religioni; sia una testimonianza della grandezza della fede in Dio che unisce i cuori divisi ed eleva l\u2019animo umano; sia un simbolo dell\u2019abbraccio tra Oriente e Occidente, tra Nord e Sud e tra tutti coloro che credono che Dio ci abbia creati per conoscerci, per cooperare tra di noi e per vivere come fratelli che si amano. Questo \u00e8 ci\u00f2 che speriamo e cerchiamo di realizzare, al fine di raggiungere una pace universale di cui godano tutti gli uomini in questa vita.<\/em><\/p>\n<p>Un Documento in linea con la Dichiarazione Universale dei Diritti Umani, di cui quest\u2019anno ricorre il 70 esimo anniversario e sulla quale l\u2019UCID Sezione di Padova, in sintonia con i medesimi principi ispiratori che invocano una fratellanza umana, etica ed economica tra gli esseri umani, sta concentrando il proprio ciclo di incontri per l\u2019anno Sociale 2018-2019.<\/p>\n<p>PER LEGGERE IL TESTO INTEGRALE DEL DOCUMENTO SULLA FRATELLANZA UMANA CLICCARE QUI:<\/p>\n<p><a href=\"http:\/\/ucid.it\/sezionepadova\/wp-content\/uploads\/sites\/115\/2019\/02\/papa-francesco_20190204_documento-fratellanza-umana.pdf\">papa-francesco_20190204_documento-fratellanza-umana<\/a><\/p>\n","protected":false},"excerpt":{"rendered":"<p>Dall\u2019incontro tra Sua Santit\u00e0 Papa Francesco e il Grande Imam di Al-Azhar Ahmad Al-Tayyeb, in occasione del recente viaggio apostolico negli Emirati Arabi (3-5 febbraio 2019) \u00e8 nata l\u2019idea di questo \u00abDocumento sulla Fratellanza Umana\u00bb . Un documento \u2013 come si legge nella Prefazione \u2013 \u00a0ragionato con sincerit\u00e0 e seriet\u00e0 per essere una dichiarazione comune [&hellip;]<\/p>\n","protected":false},"author":39,"featured_media":0,"comment_status":"open","ping_status":"open","sticky":false,"template":"","format":"standard","meta":{"footnotes":""},"categories":[3],"tags":[],"class_list":["post-944","post","type-post","status-publish","format-standard","hentry","category-attualita"],"_links":{"self":[{"href":"https:\/\/ucid.it\/sezionepadova\/wp-json\/wp\/v2\/posts\/944","targetHints":{"allow":["GET"]}}],"collection":[{"href":"https:\/\/ucid.it\/sezionepadova\/wp-json\/wp\/v2\/posts"}],"about":[{"href":"https:\/\/ucid.it\/sezionepadova\/wp-json\/wp\/v2\/types\/post"}],"author":[{"embeddable":true,"href":"https:\/\/ucid.it\/sezionepadova\/wp-json\/wp\/v2\/users\/39"}],"replies":[{"embeddable":true,"href":"https:\/\/ucid.it\/sezionepadova\/wp-json\/wp\/v2\/comments?post=944"}],"version-history":[{"count":0,"href":"https:\/\/ucid.it\/sezionepadova\/wp-json\/wp\/v2\/posts\/944\/revisions"}],"wp:attachment":[{"href":"https:\/\/ucid.it\/sezionepadova\/wp-json\/wp\/v2\/media?parent=944"}],"wp:term":[{"taxonomy":"category","embeddable":true,"href":"https:\/\/ucid.it\/sezionepadova\/wp-json\/wp\/v2\/categories?post=944"},{"taxonomy":"post_tag","embeddable":true,"href":"https:\/\/ucid.it\/sezionepadova\/wp-json\/wp\/v2\/tags?post=944"}],"curies":[{"name":"wp","href":"https:\/\/api.w.org\/{rel}","templated":true}]}}