{"id":211,"date":"2023-11-07T00:03:46","date_gmt":"2023-11-06T23:03:46","guid":{"rendered":"https:\/\/ucid.it\/sezionereggioemilia\/?p=211"},"modified":"2023-11-07T00:05:15","modified_gmt":"2023-11-06T23:05:15","slug":"convegno-nazionale-11-novembre-2023","status":"publish","type":"post","link":"https:\/\/ucid.it\/sezionereggioemilia\/2023\/11\/07\/convegno-nazionale-11-novembre-2023\/","title":{"rendered":"CONVEGNO NAZIONALE 11 NOVEMBRE 2023"},"content":{"rendered":"<div class=\"pos-top pos-center align_left column_parent col-lg-6 boomapps_vccolumn single-internal-gutter\">\n<div class=\"uncol style-light\">\n<div class=\"uncoltable\">\n<div class=\"uncell boomapps_vccolumn no-block-padding\">\n<div class=\"uncont\">\n<div class=\"heading-text el-text\">\n<h1 class=\"font-555555 fontsize-143398 fontheight-193540 fontspace-171306 font-weight-600 text-color-nhtu-color\"><strong><a href=\"http:\/\/ucid.it\/sezionereggioemilia\/wp-content\/uploads\/sites\/84\/2023\/11\/Immagine-WhatsApp-2023-11-02-ore-15.25.00_fronte.jpg\"><img loading=\"lazy\" decoding=\"async\" class=\"alignnone size-medium wp-image-215\" src=\"http:\/\/ucid.it\/sezionereggioemilia\/wp-content\/uploads\/sites\/84\/2023\/11\/Immagine-WhatsApp-2023-11-02-ore-15.25.00_fronte-169x300.jpg\" alt=\"\" width=\"169\" height=\"300\" srcset=\"https:\/\/ucid.it\/sezionereggioemilia\/wp-content\/uploads\/sites\/84\/2023\/11\/Immagine-WhatsApp-2023-11-02-ore-15.25.00_fronte-169x300.jpg 169w, https:\/\/ucid.it\/sezionereggioemilia\/wp-content\/uploads\/sites\/84\/2023\/11\/Immagine-WhatsApp-2023-11-02-ore-15.25.00_fronte-576x1024.jpg 576w, https:\/\/ucid.it\/sezionereggioemilia\/wp-content\/uploads\/sites\/84\/2023\/11\/Immagine-WhatsApp-2023-11-02-ore-15.25.00_fronte-768x1365.jpg 768w, https:\/\/ucid.it\/sezionereggioemilia\/wp-content\/uploads\/sites\/84\/2023\/11\/Immagine-WhatsApp-2023-11-02-ore-15.25.00_fronte-864x1536.jpg 864w, https:\/\/ucid.it\/sezionereggioemilia\/wp-content\/uploads\/sites\/84\/2023\/11\/Immagine-WhatsApp-2023-11-02-ore-15.25.00_fronte.jpg 1080w\" sizes=\"auto, (max-width: 169px) 100vw, 169px\" \/><\/a> <a href=\"http:\/\/ucid.it\/sezionereggioemilia\/wp-content\/uploads\/sites\/84\/2023\/11\/Immagine-WhatsApp-2023-11-02-ore-15.25.01_retro.jpg\"><img loading=\"lazy\" decoding=\"async\" class=\"alignnone size-medium wp-image-216\" src=\"http:\/\/ucid.it\/sezionereggioemilia\/wp-content\/uploads\/sites\/84\/2023\/11\/Immagine-WhatsApp-2023-11-02-ore-15.25.01_retro-169x300.jpg\" alt=\"\" width=\"169\" height=\"300\" srcset=\"https:\/\/ucid.it\/sezionereggioemilia\/wp-content\/uploads\/sites\/84\/2023\/11\/Immagine-WhatsApp-2023-11-02-ore-15.25.01_retro-169x300.jpg 169w, https:\/\/ucid.it\/sezionereggioemilia\/wp-content\/uploads\/sites\/84\/2023\/11\/Immagine-WhatsApp-2023-11-02-ore-15.25.01_retro-576x1024.jpg 576w, https:\/\/ucid.it\/sezionereggioemilia\/wp-content\/uploads\/sites\/84\/2023\/11\/Immagine-WhatsApp-2023-11-02-ore-15.25.01_retro-768x1365.jpg 768w, https:\/\/ucid.it\/sezionereggioemilia\/wp-content\/uploads\/sites\/84\/2023\/11\/Immagine-WhatsApp-2023-11-02-ore-15.25.01_retro-864x1536.jpg 864w, https:\/\/ucid.it\/sezionereggioemilia\/wp-content\/uploads\/sites\/84\/2023\/11\/Immagine-WhatsApp-2023-11-02-ore-15.25.01_retro.jpg 1080w\" sizes=\"auto, (max-width: 169px) 100vw, 169px\" \/><\/a><\/strong><\/h1>\n<h1 class=\"font-555555 fontsize-143398 fontheight-193540 fontspace-171306 font-weight-600 text-color-nhtu-color\"><strong>Sostenibilit\u00e0 integrale e partecipazione<\/strong><\/h1>\n<\/div>\n<div class=\"clear\"><\/div>\n<div class=\"heading-text el-text\">\n<h2 class=\"font-555555 h3 fontheight-193540 fontspace-171306 font-weight-600 text-color-nhtu-color\">Da un&#8217;Economia di solo profitto a un&#8217;Economia Civile e di Comunione<\/h2>\n<\/div>\n<div class=\"clear\"><\/div>\n<div class=\"heading-text el-text\">\n<h3 class=\"font-555555 h5 fontheight-280199 fontspace-171306 font-weight-400 text-color-nhtu-color\">L&#8217;evento ha l&#8217;obiettivo di approfondire l&#8217;Economia Civile e di Comunione, che mettono al centro la persona e il suo benessere facendo leva su valori come <strong>reciprocit\u00e0, fraternit\u00e0 ed ecologia integrale.<\/strong><\/h3>\n<\/div>\n<p class=\"font-555555 h5 fontheight-280199 fontspace-171306 font-weight-400 text-color-nhtu-color\">La giornata sar\u00e0 articolata in <strong>4 tavole rotonde<\/strong>, durante le quali il confronto tra professori universitari, imprenditori e giovani dirigenti metter\u00e0 l&#8217;accento sulla <strong>ricerca del bene comune, la dignit\u00e0 della persona e lo sviluppo sostenibile<\/strong>.\u00a0Un&#8217;occasione unica per apprendere come le nuove pratiche risultino vincenti anche dal punto di vista competitivo<\/p>\n<div class=\"heading-text el-text\">\n<h3 class=\"font-555555 h5 fontheight-280199 fontspace-171306 font-weight-400 text-color-nhtu-color\"><strong>SABATO 11 NOVEMBRE 2023 | ORE 9.30-17.30<\/strong><\/h3>\n<\/div>\n<div class=\"icon-box icon-box-left\">\n<div class=\"icon-box-content\">\n<div class=\"icon-box-heading icon-box-fa-1x\">\n<h4 class=\"font-555555 h4 font-weight-300\">Aula Magna &#8220;Pietro Manodori&#8221; | Universit\u00e0 di Modena e Reggio Emilia<\/h4>\n<p>&nbsp;<\/p>\n<\/div>\n<\/div>\n<div class=\"pos-bottom pos-center align_left column_parent col-lg-6 boomapps_vccolumn half-internal-gutter\">\n<div class=\"uncol style-light\">\n<div class=\"uncoltable\">\n<div class=\"uncell vc_custom_1667394216663 boomapps_vccolumn border-color-nhtu-color no-block-padding\">\n<div class=\"uncont\">\n<div class=\"heading-text el-text\">\n<p class=\"font-555555 h4 fontheight-193540 fontspace-171306 font-weight-600 text-color-nhtu-color\">PANEL 1<\/p>\n<\/div>\n<h6 class=\"font-555555 h1 fontheight-193540 fontspace-171306 font-weight-600 text-color-nhtu-color\"><strong>La persona al centro<\/strong><\/h6>\n<p class=\"font-555555 h5 fontheight-280199 fontspace-171306 font-weight-400 text-color-nhtu-color\">Dialogano:<\/p>\n<p class=\"font-555555 h5 fontheight-280199 fontspace-171306 font-weight-400 text-color-nhtu-color\"><strong>Stefano Zamagni<\/strong>\u00a0| Economista, ex presidente dell&#8217;Agenzia per il terzo settore e gi\u00e0 presidente della Pontificia Accademia delle Scienze Sociali<\/p>\n<p class=\"font-555555 h5 fontheight-280199 fontspace-171306 font-weight-400 text-color-nhtu-color\"><strong>Valentina Rotondi <\/strong>| EoF<\/p>\n<p class=\"font-555555 h5 fontheight-280199 fontspace-171306 font-weight-400 text-color-nhtu-color\"><strong>Livio Bertola<\/strong> | Presidente AIPEC<\/p>\n<p class=\"font-555555 h5 fontheight-280199 fontspace-171306 font-weight-400 text-color-nhtu-color\"><strong>Stefano Chiriatti<\/strong> | Perrotta Group<\/p>\n<p class=\"font-555555 h5 fontheight-280199 fontspace-171306 font-weight-400 text-color-nhtu-color\"><strong>Umberto Lonardoni<\/strong> | DG Ifoa<\/p>\n<p class=\"font-555555 h5 fontheight-280199 fontspace-171306 font-weight-400 text-color-nhtu-color\"><strong>Enrico Loccioni<\/strong> | Loccioni Group<\/p>\n<p class=\"clear\">\n<\/div>\n<\/div>\n<\/div>\n<\/div>\n<\/div>\n<div class=\"pos-bottom pos-center align_left column_parent col-lg-6 boomapps_vccolumn half-internal-gutter\">\n<div class=\"uncol style-light\">\n<div class=\"uncoltable\">\n<div class=\"uncell vc_custom_1698745750791 boomapps_vccolumn border-color-nhtu-color no-block-padding\">\n<div class=\"uncont\">\n<p class=\"font-555555 h4 fontheight-193540 fontspace-171306 font-weight-600 text-color-nhtu-color\">PANEL 2<\/p>\n<h6 class=\"font-555555 h1 fontheight-193540 fontspace-171306 font-weight-600 text-color-nhtu-color\"><strong>Quando lo sviluppo e&#8217; sostenibile<\/strong><\/h6>\n<div class=\"heading-text el-text\">\n<p class=\"font-555555 h5 fontheight-280199 fontspace-171306 font-weight-400 text-color-nhtu-color\">Dialogano:<\/p>\n<p class=\"font-555555 h5 fontheight-280199 fontspace-171306 font-weight-400 text-color-nhtu-color\"><strong>Luca Raffaele<\/strong> | DG NeXt Nuova Economia per Tutti<\/p>\n<p class=\"font-555555 h5 fontheight-280199 fontspace-171306 font-weight-400 text-color-nhtu-color\"><strong>Valerio Martinelli<\/strong> | LUISS<\/p>\n<p class=\"font-555555 h5 fontheight-280199 fontspace-171306 font-weight-400 text-color-nhtu-color\"><strong>Gianluca Mancini<\/strong> | Presidente UCID Gruppo Giovani di Bologna<\/p>\n<p class=\"font-555555 h5 fontheight-280199 fontspace-171306 font-weight-400 text-color-nhtu-color\"><strong>Gabriele Grassi<\/strong> | E80 Group<\/p>\n<p>&nbsp;<\/p>\n<\/div>\n<div class=\"pos-bottom pos-center align_left column_parent col-lg-6 boomapps_vccolumn half-internal-gutter\">\n<div class=\"uncol style-light\">\n<div class=\"uncoltable\">\n<div class=\"uncell vc_custom_1667394237826 boomapps_vccolumn border-color-nhtu-color no-block-padding\">\n<div class=\"uncont\">\n<div class=\"heading-text el-text\">\n<p class=\"font-555555 h4 fontheight-193540 fontspace-171306 font-weight-600 text-color-nhtu-color\">PANEL 3<\/p>\n<\/div>\n<div class=\"clear\"><\/div>\n<div class=\"heading-text el-text\">\n<h6 class=\"font-555555 h1 fontheight-193540 fontspace-171306 font-weight-600 text-color-nhtu-color\">Oltre il profitto<\/h6>\n<\/div>\n<div class=\"clear\"><\/div>\n<div class=\"heading-text el-text\">\n<p class=\"font-555555 h5 fontheight-280199 fontspace-171306 font-weight-400 text-color-nhtu-color\">Dialogano:<\/p>\n<p class=\"font-555555 h5 fontheight-280199 fontspace-171306 font-weight-400 text-color-nhtu-color\"><strong>Vittorio Pelligra<\/strong> | Professore di Economia Politica Universit\u00e0 di Cagliari<\/p>\n<p class=\"font-555555 h5 fontheight-280199 fontspace-171306 font-weight-400 text-color-nhtu-color\"><strong>Laura Michelini<\/strong> | Professoressa di Economia e gestione aziendale LUMSA<\/p>\n<p class=\"font-555555 h5 fontheight-280199 fontspace-171306 font-weight-400 text-color-nhtu-color\"><strong>Lorenzo Semplici<\/strong> | NeXt Economia<\/p>\n<p class=\"font-555555 h5 fontheight-280199 fontspace-171306 font-weight-400 text-color-nhtu-color\"><strong>Michele Michelotti<\/strong> | Ridix<\/p>\n<p class=\"font-555555 h5 fontheight-280199 fontspace-171306 font-weight-400 text-color-nhtu-color\"><strong>Lorenzo Braida<\/strong> | Braida Concept<\/p>\n<p class=\"font-555555 h5 fontheight-280199 fontspace-171306 font-weight-400 text-color-nhtu-color\"><strong>Marco Moscatti<\/strong> | Presidente Giovani Imprenditori di Confindustria Emilia Centro<\/p>\n<\/div>\n<div class=\"clear\"><\/div>\n<\/div>\n<\/div>\n<\/div>\n<\/div>\n<\/div>\n<div class=\"pos-top pos-center align_left column_parent col-lg-6 boomapps_vccolumn half-internal-gutter\">\n<div class=\"uncol style-light\">\n<div class=\"uncoltable\">\n<div class=\"uncell vc_custom_1667394227051 boomapps_vccolumn border-color-nhtu-color no-block-padding\">\n<div class=\"uncont\">\n<div class=\"heading-text el-text\">\n<p class=\"font-555555 h4 fontheight-193540 fontspace-171306 font-weight-600 text-color-nhtu-color\">PANEL 4<\/p>\n<\/div>\n<div class=\"clear\"><\/div>\n<div class=\"heading-text el-text\">\n<h6 class=\"font-555555 h1 fontheight-193540 fontspace-171306 font-weight-600 text-color-nhtu-color\">&#8220;Fare insieme&#8221; per il Bene Comune<\/h6>\n<\/div>\n<div class=\"heading-text el-text\">\n<p class=\"font-555555 h5 fontheight-280199 fontspace-171306 font-weight-400 text-color-nhtu-color\">Dialogano:<\/p>\n<p class=\"font-555555 h5 fontheight-280199 fontspace-171306 font-weight-400 text-color-nhtu-color\"><strong>Luigino Bruni<\/strong> | Economista e storico pensiero economico, Professore di Economia LUMSA e Presidente Scuola di Economia Civile<\/p>\n<p class=\"font-555555 h5 fontheight-280199 fontspace-171306 font-weight-400 text-color-nhtu-color\"><strong>Giovanna Galli<\/strong> | Direttrice dipartimento Economia e Comunicazione Unimore<\/p>\n<p class=\"font-555555 h5 fontheight-280199 fontspace-171306 font-weight-400 text-color-nhtu-color\"><strong>Gabriele Carboni<\/strong> | EoF<\/p>\n<p class=\"font-555555 h5 fontheight-280199 fontspace-171306 font-weight-400 text-color-nhtu-color\"><strong>Roberto Casali<\/strong> | Ecopesce<\/p>\n<p class=\"font-555555 h5 fontheight-280199 fontspace-171306 font-weight-400 text-color-nhtu-color\"><strong>Fabio Storchi<\/strong> | Presidente UCID Reggio Emilia<\/p>\n<p class=\"font-555555 h5 fontheight-280199 fontspace-171306 font-weight-400 text-color-nhtu-color\"><strong>Marco Piccolo<\/strong> | Reynaldi<\/p>\n<\/div>\n<p><a href=\"https:\/\/docs.google.com\/forms\/d\/e\/1FAIpQLSd_n-7CKAVp1hQ4EjUi2-vBvRTw9yXAAxA_NNM5DGTCAyaqUA\/viewform\"><strong>PER ISCRIZIONI<\/strong><\/a><\/p>\n<div class=\"heading-text el-text\">\n<p>&nbsp;<\/p>\n<p class=\"h4 fontheight-486029 font-weight-400 text-color-wayh-color\">La partecipazione \u00e8 libera e gratuita previa registrazione.<\/p>\n<p class=\"h4 fontheight-486029 font-weight-400 text-color-wayh-color\">Per richieste operative e iscrizioni:\u00a0<strong><a href=\"https:\/\/ucid.it\/blog\/2023\/10\/25\/sostenibilita-integrale-e-partecipazione-da-uneconomia-di-solo-profitto-a-uneconomia-civile-e-di-comunione-convegno-organizzato-da-ucid-reggio-emilia-11-novembre-2\/\" target=\"_blank\" rel=\"noopener\">www.ucid.it\u00a0<\/a>\u00a0| <a href=\"https:\/\/www.aipec.it\" target=\"_blank\" rel=\"noopener\">www.aipec.it\u00a0<\/a><\/strong><\/p>\n<\/div>\n<\/div>\n<\/div>\n<\/div>\n<\/div>\n<\/div>\n<\/div>\n<\/div>\n<\/div>\n<\/div>\n<\/div>\n<\/div>\n<\/div>\n<\/div>\n<\/div>\n<\/div>\n<\/div>\n","protected":false},"excerpt":{"rendered":"<p>Sostenibilit\u00e0 integrale e partecipazione Da un&#8217;Economia di solo profitto a un&#8217;Economia Civile e di Comunione L&#8217;evento ha l&#8217;obiettivo di approfondire l&#8217;Economia Civile e di Comunione, che mettono al centro la persona e il suo benessere facendo leva su valori come reciprocit\u00e0, fraternit\u00e0 ed ecologia integrale. La giornata sar\u00e0 articolata in 4 tavole rotonde, durante le &hellip; <a href=\"https:\/\/ucid.it\/sezionereggioemilia\/2023\/11\/07\/convegno-nazionale-11-novembre-2023\/\" class=\"more-link\">Continua a leggere <span class=\"screen-reader-text\">CONVEGNO NAZIONALE 11 NOVEMBRE 2023<\/span><\/a><\/p>\n","protected":false},"author":216,"featured_media":0,"comment_status":"open","ping_status":"open","sticky":false,"template":"","format":"standard","meta":{"footnotes":""},"categories":[1],"tags":[],"class_list":["post-211","post","type-post","status-publish","format-standard","hentry","category-senza-categoria"],"_links":{"self":[{"href":"https:\/\/ucid.it\/sezionereggioemilia\/wp-json\/wp\/v2\/posts\/211","targetHints":{"allow":["GET"]}}],"collection":[{"href":"https:\/\/ucid.it\/sezionereggioemilia\/wp-json\/wp\/v2\/posts"}],"about":[{"href":"https:\/\/ucid.it\/sezionereggioemilia\/wp-json\/wp\/v2\/types\/post"}],"author":[{"embeddable":true,"href":"https:\/\/ucid.it\/sezionereggioemilia\/wp-json\/wp\/v2\/users\/216"}],"replies":[{"embeddable":true,"href":"https:\/\/ucid.it\/sezionereggioemilia\/wp-json\/wp\/v2\/comments?post=211"}],"version-history":[{"count":0,"href":"https:\/\/ucid.it\/sezionereggioemilia\/wp-json\/wp\/v2\/posts\/211\/revisions"}],"wp:attachment":[{"href":"https:\/\/ucid.it\/sezionereggioemilia\/wp-json\/wp\/v2\/media?parent=211"}],"wp:term":[{"taxonomy":"category","embeddable":true,"href":"https:\/\/ucid.it\/sezionereggioemilia\/wp-json\/wp\/v2\/categories?post=211"},{"taxonomy":"post_tag","embeddable":true,"href":"https:\/\/ucid.it\/sezionereggioemilia\/wp-json\/wp\/v2\/tags?post=211"}],"curies":[{"name":"wp","href":"https:\/\/api.w.org\/{rel}","templated":true}]}}