{"id":11249,"date":"2024-06-10T16:42:07","date_gmt":"2024-06-10T14:42:07","guid":{"rendered":"https:\/\/ucid.it\/sezioneroma\/?p=11249"},"modified":"2025-04-10T13:08:50","modified_gmt":"2025-04-10T11:08:50","slug":"il-ricordo-di-federico-grazioli","status":"publish","type":"post","link":"https:\/\/ucid.it\/sezioneroma\/2024\/06\/10\/il-ricordo-di-federico-grazioli\/","title":{"rendered":"In Memoria di Federico Grazioli"},"content":{"rendered":"<p>[et_pb_section fb_built=&#8221;1&#8243; _builder_version=&#8221;4.22.2&#8243; _module_preset=&#8221;default&#8221; global_colors_info=&#8221;{}&#8221;][et_pb_row column_structure=&#8221;2_3,1_3&#8243; _builder_version=&#8221;4.22.2&#8243; _module_preset=&#8221;default&#8221; global_colors_info=&#8221;{}&#8221;][et_pb_column type=&#8221;2_3&#8243; _builder_version=&#8221;4.22.2&#8243; _module_preset=&#8221;default&#8221; global_colors_info=&#8221;{}&#8221;][et_pb_text _builder_version=&#8221;4.22.2&#8243; _module_preset=&#8221;default&#8221; global_colors_info=&#8221;{}&#8221;]<\/p>\n<p style=\"text-align: justify\">Con profonda commozione, ricordiamo Federico Grazioli, un uomo di rara intelligenza, umanit\u00e0 e fede. Federico ci ha lasciato un&#8217;eredit\u00e0 di valori, passione e dedizione che continueranno a ispirarci.<\/p>\n<p style=\"text-align: justify\">Federico Grazioli \u00e8 nato a Roma il 19 maggio 1931 e si \u00e8 laureato in Giurisprudenza nel 1955. Fondatore e Amministratore Delegato di Agriconsulting, ha dedicato la sua vita allo sviluppo del settore agricolo, sia in Italia che all&#8217;estero, contribuendo alla crescita di oltre 70 paesi in Europa, Africa, America Latina e Asia.<\/p>\n<p style=\"text-align: justify\">La sua carriera brillante \u00e8 stata accompagnata da un impegno costante nell&#8217;UCID, dove ha ricoperto ruoli di leadership e ha sempre promosso i principi della dottrina cristiana nel mondo del lavoro. Federico ha incarnato i valori di amicizia, onest\u00e0 e disponibilit\u00e0, diventando un esempio di integrit\u00e0 e compassione.<\/p>\n<p style=\"text-align: justify\">Federico era anche un uomo di famiglia, un marito, padre e nonno amorevole. La sua capacit\u00e0 di costruire relazioni profonde e sincere, la sua empatia e il suo senso dell&#8217;umorismo resteranno sempre nei nostri cuori.<\/p>\n<p style=\"text-align: justify\">La sua vita \u00e8 stata un viaggio straordinario, segnato da una fede profonda e da un amore incondizionato per la natura, la montagna e il mare. Federico ha vissuto ogni momento con passione e curiosit\u00e0, lasciandoci una testimonianza preziosa di come si possa essere al contempo un leader visionario e una persona di grande umanit\u00e0.<\/p>\n<p style=\"text-align: justify\">Affidiamo il nostro caro Federico all&#8217;amore infinito di Dio, sicuri che verr\u00e0 accolto nella casa del Padre celeste.<\/p>\n<p><strong>Federico Grazioli<\/strong>\u00a01931 &#8211; 2024<\/p>\n<p>Con affetto e gratitudine,<\/p>\n<p><strong>I Soci di UCID Roma<\/strong><\/p>\n<p>[\/et_pb_text][et_pb_text _builder_version=&#8221;4.22.2&#8243; _module_preset=&#8221;default&#8221; box_shadow_style=&#8221;preset1&#8243; global_colors_info=&#8221;{}&#8221;]<\/p>\n<p style=\"text-align: center\"><strong><a href=\"https:\/\/ucid.it\/sezioneroma\/wp-content\/uploads\/sites\/20\/2024\/06\/Il-Ricordo-di-Giovanni-Scanagatta.pdf\">Il Ricordo di Giovanni Scanagatta<\/a><\/strong><\/p>\n<p>[\/et_pb_text][\/et_pb_column][et_pb_column type=&#8221;1_3&#8243; _builder_version=&#8221;4.22.2&#8243; _module_preset=&#8221;default&#8221; global_colors_info=&#8221;{}&#8221;][et_pb_image src=&#8221;https:\/\/ucid.it\/sezioneroma\/wp-content\/uploads\/sites\/20\/2024\/06\/Federico-Grazioli.jpg&#8221; title_text=&#8221;Federico Grazioli&#8221; _builder_version=&#8221;4.22.2&#8243; _module_preset=&#8221;default&#8221; global_colors_info=&#8221;{}&#8221;][\/et_pb_image][\/et_pb_column][\/et_pb_row][\/et_pb_section]<\/p>\n","protected":false},"excerpt":{"rendered":"<p>Con profonda commozione, ricordiamo Federico Grazioli, un uomo di rara intelligenza, umanit\u00e0 e fede. Federico ci ha lasciato un&#8217;eredit\u00e0 di valori, passione e dedizione che continueranno a ispirarci. Federico Grazioli \u00e8 nato a Roma il 19 maggio 1931 e si \u00e8 laureato in Giurisprudenza nel 1955. Fondatore e Amministratore Delegato di Agriconsulting, ha dedicato la [&hellip;]<\/p>\n","protected":false},"author":41,"featured_media":13039,"comment_status":"open","ping_status":"open","sticky":false,"template":"","format":"standard","meta":{"_et_pb_use_builder":"on","_et_pb_old_content":"","_et_gb_content_width":"","footnotes":""},"categories":[58],"tags":[],"class_list":["post-11249","post","type-post","status-publish","format-standard","has-post-thumbnail","hentry","category-news"],"_links":{"self":[{"href":"https:\/\/ucid.it\/sezioneroma\/wp-json\/wp\/v2\/posts\/11249","targetHints":{"allow":["GET"]}}],"collection":[{"href":"https:\/\/ucid.it\/sezioneroma\/wp-json\/wp\/v2\/posts"}],"about":[{"href":"https:\/\/ucid.it\/sezioneroma\/wp-json\/wp\/v2\/types\/post"}],"author":[{"embeddable":true,"href":"https:\/\/ucid.it\/sezioneroma\/wp-json\/wp\/v2\/users\/41"}],"replies":[{"embeddable":true,"href":"https:\/\/ucid.it\/sezioneroma\/wp-json\/wp\/v2\/comments?post=11249"}],"version-history":[{"count":0,"href":"https:\/\/ucid.it\/sezioneroma\/wp-json\/wp\/v2\/posts\/11249\/revisions"}],"wp:featuredmedia":[{"embeddable":true,"href":"https:\/\/ucid.it\/sezioneroma\/wp-json\/wp\/v2\/media\/13039"}],"wp:attachment":[{"href":"https:\/\/ucid.it\/sezioneroma\/wp-json\/wp\/v2\/media?parent=11249"}],"wp:term":[{"taxonomy":"category","embeddable":true,"href":"https:\/\/ucid.it\/sezioneroma\/wp-json\/wp\/v2\/categories?post=11249"},{"taxonomy":"post_tag","embeddable":true,"href":"https:\/\/ucid.it\/sezioneroma\/wp-json\/wp\/v2\/tags?post=11249"}],"curies":[{"name":"wp","href":"https:\/\/api.w.org\/{rel}","templated":true}]}}