{"id":12013,"date":"2024-11-21T14:44:41","date_gmt":"2024-11-21T13:44:41","guid":{"rendered":"https:\/\/ucid.it\/sezioneroma\/?p=12013"},"modified":"2025-04-10T13:04:44","modified_gmt":"2025-04-10T11:04:44","slug":"santa-messa-in-suffragio-del-cav-lav-ing-francesco-merloni-martedi-3-dicembre-2024","status":"publish","type":"post","link":"https:\/\/ucid.it\/sezioneroma\/2024\/11\/21\/santa-messa-in-suffragio-del-cav-lav-ing-francesco-merloni-martedi-3-dicembre-2024\/","title":{"rendered":"Santa Messa in suffragio del Cav. Lav. Ing. Francesco Merloni &#8211; Marted\u00ec 3 dicembre 2024"},"content":{"rendered":"<p>[et_pb_section fb_built=&#8221;1&#8243; _builder_version=&#8221;4.22.2&#8243; _module_preset=&#8221;default&#8221; global_colors_info=&#8221;{}&#8221;][et_pb_row column_structure=&#8221;3_4,1_4&#8243; _builder_version=&#8221;4.22.2&#8243; _module_preset=&#8221;default&#8221; global_colors_info=&#8221;{}&#8221;][et_pb_column type=&#8221;3_4&#8243; _builder_version=&#8221;4.22.2&#8243; _module_preset=&#8221;default&#8221; global_colors_info=&#8221;{}&#8221;][et_pb_text _builder_version=&#8221;4.22.2&#8243; _module_preset=&#8221;default&#8221; global_colors_info=&#8221;{}&#8221;]<\/p>\n<p style=\"text-align: justify\">Il Presidente Nazionale UCID Gian Luca Galletti insieme al Presidente UCID Roma Giorgio Gulienetti invitano a partecipare alla <strong>Santa Messa <\/strong>in suffragio del Cav. Lav. Ing. <strong>Francesco Merloni, <\/strong>gi\u00e0 Presidente Nazionale UCID e Socio di Roma, che si terr\u00e0 <strong>Marted\u00ec 3 Dicembre 2024 <\/strong>alle <strong>ore 18.30 <\/strong>nella <strong>Chiesa di Sant\u2019Agnese in Agone<\/strong>, in Piazza Navona.<strong><br \/><\/strong>La Celebrazione Eucaristica sar\u00e0 officiata da S.E.R. Mons. Paolo Schiavon.<br \/>Al termine \u00a0della S. Messa ci sar\u00e0 un ricordo del Cav. Francesco Merloni da parte dell\u2019UCID.<br \/>La celebrazione \u00e8 aperta a tutti, in particolare per\u00a0coloro che non hanno potuto partecipare alle esequie dell\u2019illustre, caro amico Francesco.<\/p>\n<p>Si ringraziano quanti parteciperanno.<\/p>\n<p>&nbsp;<\/p>\n<p>[\/et_pb_text][\/et_pb_column][et_pb_column type=&#8221;1_4&#8243; _builder_version=&#8221;4.22.2&#8243; _module_preset=&#8221;default&#8221; global_colors_info=&#8221;{}&#8221;][et_pb_image src=&#8221;https:\/\/ucid.it\/sezioneroma\/wp-content\/uploads\/sites\/20\/2024\/10\/Merloni-Francesco.jpg&#8221; title_text=&#8221;Merloni-Francesco&#8221; _builder_version=&#8221;4.22.2&#8243; _module_preset=&#8221;default&#8221; global_colors_info=&#8221;{}&#8221;][\/et_pb_image][\/et_pb_column][\/et_pb_row][\/et_pb_section]<\/p>\n","protected":false},"excerpt":{"rendered":"<p>Il Presidente Nazionale UCID Gian Luca Galletti insieme al Presidente UCID Roma Giorgio Gulienetti invitano a partecipare alla Santa Messa in suffragio del Cav. Lav. Ing. Francesco Merloni, gi\u00e0 Presidente Nazionale UCID e Socio di Roma, che si terr\u00e0 Marted\u00ec 3 Dicembre 2024 alle ore 18.30 nella Chiesa di Sant\u2019Agnese in Agone, in Piazza Navona.La [&hellip;]<\/p>\n","protected":false},"author":41,"featured_media":11827,"comment_status":"open","ping_status":"open","sticky":false,"template":"","format":"standard","meta":{"_et_pb_use_builder":"on","_et_pb_old_content":"","_et_gb_content_width":"","footnotes":""},"categories":[58],"tags":[],"class_list":["post-12013","post","type-post","status-publish","format-standard","has-post-thumbnail","hentry","category-news"],"_links":{"self":[{"href":"https:\/\/ucid.it\/sezioneroma\/wp-json\/wp\/v2\/posts\/12013","targetHints":{"allow":["GET"]}}],"collection":[{"href":"https:\/\/ucid.it\/sezioneroma\/wp-json\/wp\/v2\/posts"}],"about":[{"href":"https:\/\/ucid.it\/sezioneroma\/wp-json\/wp\/v2\/types\/post"}],"author":[{"embeddable":true,"href":"https:\/\/ucid.it\/sezioneroma\/wp-json\/wp\/v2\/users\/41"}],"replies":[{"embeddable":true,"href":"https:\/\/ucid.it\/sezioneroma\/wp-json\/wp\/v2\/comments?post=12013"}],"version-history":[{"count":0,"href":"https:\/\/ucid.it\/sezioneroma\/wp-json\/wp\/v2\/posts\/12013\/revisions"}],"wp:featuredmedia":[{"embeddable":true,"href":"https:\/\/ucid.it\/sezioneroma\/wp-json\/wp\/v2\/media\/11827"}],"wp:attachment":[{"href":"https:\/\/ucid.it\/sezioneroma\/wp-json\/wp\/v2\/media?parent=12013"}],"wp:term":[{"taxonomy":"category","embeddable":true,"href":"https:\/\/ucid.it\/sezioneroma\/wp-json\/wp\/v2\/categories?post=12013"},{"taxonomy":"post_tag","embeddable":true,"href":"https:\/\/ucid.it\/sezioneroma\/wp-json\/wp\/v2\/tags?post=12013"}],"curies":[{"name":"wp","href":"https:\/\/api.w.org\/{rel}","templated":true}]}}