{"id":12024,"date":"2024-11-21T14:42:11","date_gmt":"2024-11-21T13:42:11","guid":{"rendered":"https:\/\/ucid.it\/sezioneroma\/?p=12024"},"modified":"2025-01-23T17:33:52","modified_gmt":"2025-01-23T16:33:52","slug":"presentazione-affari-di-famiglia-mercoledi-27-novembre-2024","status":"publish","type":"post","link":"https:\/\/ucid.it\/sezioneroma\/2024\/11\/21\/presentazione-affari-di-famiglia-mercoledi-27-novembre-2024\/","title":{"rendered":"Presentazione &#8220;AFFARI DI FAMIGLIA&#8221; &#8211; Mercoled\u00ec 27 novembre 2024"},"content":{"rendered":"<p>[et_pb_section fb_built=&#8221;1&#8243; _builder_version=&#8221;4.22.2&#8243; _module_preset=&#8221;default&#8221; global_colors_info=&#8221;{}&#8221;][et_pb_row column_structure=&#8221;2_3,1_3&#8243; _builder_version=&#8221;4.22.2&#8243; _module_preset=&#8221;default&#8221; global_colors_info=&#8221;{}&#8221;][et_pb_column type=&#8221;2_3&#8243; _builder_version=&#8221;4.22.2&#8243; _module_preset=&#8221;default&#8221; global_colors_info=&#8221;{}&#8221;][et_pb_text _builder_version=&#8221;4.22.2&#8243; _module_preset=&#8221;default&#8221; global_colors_info=&#8221;{}&#8221;]<\/p>\n<p style=\"text-align: justify\">Il Presidente Giorgio Gulienetti \u00e8 lieto di invitare i Soci e gli Amici della Sezione UCID di Roma all\u2019evento organizzato dalla Consigliera Cinzia Rossi insieme ai membri della Commissione Formazione Etica a supporto della Dottrina Sociale della Chiesa<\/p>\n<p><strong>Presentazione del libro<\/strong><\/p>\n<p><strong>AFFARI DI FAMIGLIA<\/strong><\/p>\n<p>Assieme all\u2019autrice <strong>EMMA CICCARELLI<\/strong><\/p>\n<p style=\"text-align: justify\"><em>La complessit\u00e0 del nostro tempo, ci chiama a vivere nuove sfide. La relazione ha bisogno di consolidarsi, tra la precariet\u00e0 lavorativa e gli interrogativi riguardanti la gestione del rapporto col denaro. L\u2019obiettivo \u00e8 quello di aiutare a ripensare tali sfide come opportunit\u00e0; il lavoro e il denaro vengono presentati come spazi previlegiati in cui \u00e8 possibile realizzare i propri sogni, maturare uno stile cooperativo, oltre che dare una vera testimonianza della speranza che deve esserci in ogni famiglia ed organizzazione.<\/em><\/p>\n<p>\u00a0<strong>Mercoled\u00ec 27 novembre 2024 ore 17:00<\/strong><\/p>\n<p>Confcooperative &#8211; Sala 70<br \/>Via Torino, 146 &#8211; Roma<\/p>\n<p><strong>Saluti di benvenuto e introduzione<br \/><\/strong><strong>Diego BARBATO<\/strong>, <em>Past President UCID Roma<\/em><\/p>\n<p><strong>Ne discuteranno<br \/><\/strong><strong>Adriano BORDIGNON<\/strong>, <em>Presidente Forum delle Associazioni Familiari<br \/><\/em><strong>Lucia MARCHEGIANI<\/strong>, <em>Professoressa Universit\u00e0 Roma Tre<br \/><\/em><strong>Luigi DE BERNARDIS<\/strong>, <em>Consigliere Consob<br \/><\/em><strong>Cinzia ROSSI<\/strong>, <em>Consigliere, Referente Commissione Formazione Etica UCID Roma<\/em><\/p>\n<p><strong>Moderazione di<br \/><\/strong><strong>Fabio ZAVATTARO<\/strong>, <em>Giornalista Vaticanista<\/em><\/p>\n<p style=\"text-align: justify\">\n<p style=\"text-align: justify\">Per motivi organizzativi invitiamo a dare cortese conferma di partecipazione a <a href=\"mailto:sezioneroma@ucid.it\">sezioneroma@ucid.it<\/a><\/p>\n<p class=\"xmsonormal\" align=\"center\" style=\"line-height: 12pt;text-align: left\">[\/et_pb_text][et_pb_text _builder_version=&#8221;4.22.2&#8243; _module_preset=&#8221;default&#8221; box_shadow_style=&#8221;preset1&#8243; global_colors_info=&#8221;{}&#8221;]<\/p>\n<p style=\"text-align: center\"><a href=\"https:\/\/ucid.it\/sezioneroma\/wp-content\/uploads\/sites\/20\/2024\/11\/LOCANDINA-27-NOVEMBRE-2024.png\"><strong>Locandina dell&#8217;evento<\/strong><\/a><\/p>\n<p>[\/et_pb_text][\/et_pb_column][et_pb_column type=&#8221;1_3&#8243; _builder_version=&#8221;4.22.2&#8243; _module_preset=&#8221;default&#8221; global_colors_info=&#8221;{}&#8221;][et_pb_image src=&#8221;https:\/\/ucid.it\/sezioneroma\/wp-content\/uploads\/sites\/20\/2024\/11\/LOCANDINA-27-NOVEMBRE-2024.png&#8221; title_text=&#8221;LOCANDINA 27 NOVEMBRE 2024&#8243; _builder_version=&#8221;4.22.2&#8243; _module_preset=&#8221;default&#8221; global_colors_info=&#8221;{}&#8221;][\/et_pb_image][\/et_pb_column][\/et_pb_row][\/et_pb_section]<\/p>\n","protected":false},"excerpt":{"rendered":"<p>Il Presidente Giorgio Gulienetti \u00e8 lieto di invitare i Soci e gli Amici della Sezione UCID di Roma all\u2019evento organizzato dalla Consigliera Cinzia Rossi insieme ai membri della Commissione Formazione Etica a supporto della Dottrina Sociale della Chiesa Presentazione del libro AFFARI DI FAMIGLIA Assieme all\u2019autrice EMMA CICCARELLI La complessit\u00e0 del nostro tempo, ci chiama [&hellip;]<\/p>\n","protected":false},"author":41,"featured_media":12025,"comment_status":"open","ping_status":"open","sticky":false,"template":"","format":"standard","meta":{"_et_pb_use_builder":"on","_et_pb_old_content":"","_et_gb_content_width":"","footnotes":""},"categories":[2,67,52],"tags":[],"class_list":["post-12024","post","type-post","status-publish","format-standard","has-post-thumbnail","hentry","category-attivita","category-commissione-formazione","category-conferenze"],"_links":{"self":[{"href":"https:\/\/ucid.it\/sezioneroma\/wp-json\/wp\/v2\/posts\/12024","targetHints":{"allow":["GET"]}}],"collection":[{"href":"https:\/\/ucid.it\/sezioneroma\/wp-json\/wp\/v2\/posts"}],"about":[{"href":"https:\/\/ucid.it\/sezioneroma\/wp-json\/wp\/v2\/types\/post"}],"author":[{"embeddable":true,"href":"https:\/\/ucid.it\/sezioneroma\/wp-json\/wp\/v2\/users\/41"}],"replies":[{"embeddable":true,"href":"https:\/\/ucid.it\/sezioneroma\/wp-json\/wp\/v2\/comments?post=12024"}],"version-history":[{"count":0,"href":"https:\/\/ucid.it\/sezioneroma\/wp-json\/wp\/v2\/posts\/12024\/revisions"}],"wp:featuredmedia":[{"embeddable":true,"href":"https:\/\/ucid.it\/sezioneroma\/wp-json\/wp\/v2\/media\/12025"}],"wp:attachment":[{"href":"https:\/\/ucid.it\/sezioneroma\/wp-json\/wp\/v2\/media?parent=12024"}],"wp:term":[{"taxonomy":"category","embeddable":true,"href":"https:\/\/ucid.it\/sezioneroma\/wp-json\/wp\/v2\/categories?post=12024"},{"taxonomy":"post_tag","embeddable":true,"href":"https:\/\/ucid.it\/sezioneroma\/wp-json\/wp\/v2\/tags?post=12024"}],"curies":[{"name":"wp","href":"https:\/\/api.w.org\/{rel}","templated":true}]}}